{"id":37,"date":"2015-01-29T19:34:00","date_gmt":"2015-01-29T21:34:00","guid":{"rendered":"https:\/\/blogs.correiobraziliense.com.br\/servidor\/os_riscos_da_terceirizacao_na_policia_federal\/"},"modified":"2015-01-29T19:34:00","modified_gmt":"2015-01-29T21:34:00","slug":"os_riscos_da_terceirizacao_na_policia_federal","status":"publish","type":"post","link":"https:\/\/blogs.correiobraziliense.com.br\/servidor\/os_riscos_da_terceirizacao_na_policia_federal\/","title":{"rendered":"OS RISCOS DA TERCEIRIZA\u00c7\u00c3O NA POL\u00cdCIA FEDERAL"},"content":{"rendered":"<p>Terceirizados s\u00e3o presos em esquema criminoso no Cear\u00e1 <\/p>\n<p>A Pol\u00edcia Federal desmantelou hoje uma de associa\u00e7\u00e3o criminosa entre despachantes e funcion\u00e1rios  terceirizados da pr\u00f3pria institui\u00e7\u00e3o que atuavam no Setor de Passaporte da  Superintend\u00eancia Regional no Cear\u00e1. <\/p>\n<p>A investiga\u00e7\u00e3o, conduzida h\u00e1 seis meses pela intelig\u00eancia do \u00f3rg\u00e3o,  revelou que despachantes davam dinheiro e vantagens  indevidas a terceirizados da Delegacia de Pol\u00edcia de  Imigra\u00e7\u00e3o, para antecipa\u00e7\u00e3o injustific\u00e1vel do atendimento de passaporte, furando a ordem cronol\u00f3gica dos  agendamentos. A quadrilha atuava, ainda, na emiss\u00e3o do  passaporte com burla aos procedimentos legais. <\/p>\n<p>No decorrer da opera\u00e7\u00e3o, batizada de Password (senha, em ingl\u00eas), foram cumpridos 26 mandados, sendo 12 de busca e apreens\u00e3o, 6 de pris\u00e3o tempor\u00e1ria e 8 de condu\u00e7\u00e3o coercitiva.Os presos responder\u00e3o por crimes de corrup\u00e7\u00e3o ativa e passiva e organiza\u00e7\u00e3o criminosa. <\/p>\n<p>A Superintend\u00eancia da Pol\u00edcia Federal no Cear\u00e1 orienta os cidad\u00e3os  interessados na obten\u00e7\u00e3o de passaporte a evitarem o pagamento de  qualquer valor a t\u00edtulo de atendimento antecipado, esclarecendo que o  procedimento de antecipa\u00e7\u00e3o est\u00e1 dispon\u00edvel para qualquer pessoa que  demonstre a necessidade de emiss\u00e3o do documento antes da data do  agendamento regular, bastando dirigir-se ao posto de emiss\u00e3o de  passaportes com a documenta\u00e7\u00e3o necess\u00e1ria. <\/p>\n<p>&nbsp;  <b>Roteiro previs\u00edvel<\/b>  <\/p>\n<p>Em nota, o Sindicato dos Administrativos da PF (SinpecPF) noticiou que &#8220;o filme volta a se repetir&#8221;.&nbsp; Esta n\u00e3o \u00e9 a primeira vez em que terceirizados s\u00e3o pegos se valendo de seus empregos na PF para cometer atos il\u00edcitos, destacou o sindicato.  <\/p>\n<p>Em mar\u00e7o de 2012, um funcion\u00e1rio de Natal\u2013RN foi preso ap\u00f3s exigir R$ 200 de propina de cidad\u00e3o noruegu\u00eas. Em 2008, dois terceirizados de Porto Alegre\u2013RS foram detidos por revender armas apreendidas na campanha do desarmamento para traficantes locais. Eles confessaram o crime e o justificaram em raz\u00e3o do baixo sal\u00e1rio que recebiam para trabalhar na PF.  &nbsp;   <\/p>\n<p>&#8220;A PF n\u00e3o pode, portanto, alegar desconhecer os riscos de se colocar funcion\u00e1rios terceirizados em postos de trabalho que, de acordo com a lei, deveriam ser exclusivamente preenchidos por servidores concursados. N\u00e3o pode, at\u00e9 porque foi alertada sobre isso pelo Tribunal de Contas da Uni\u00e3o (TCU), que no Ac\u00f3rd\u00e3o 1449\/2012 condenou expressamente a terceiriza\u00e7\u00e3o de atividades final\u00edsticas na PF, recomendando a substitui\u00e7\u00e3o dos terceirizados por servidores de carreira&#8221;, destacou o documento do SinpecPF. <\/p>\n<p>   &nbsp;  \u201cO fato \u00e9 que a terceiriza\u00e7\u00e3o n\u00e3o traz benef\u00edcios \u00e0 PF. S\u00f3 riscos\u201d, afirma a presidente do sindicato dos servidores administrativos da PF, Leilane Ribeiro. Ela destaca que a categoria est\u00e1 disposta a assumir a de vez responsabilidade por tarefas como emiss\u00e3o de passaportes e o setor de imigra\u00e7\u00e3o, possibilitando \u00e0 PF colocar fim \u00e0 terceiriza\u00e7\u00e3o. \u201cBoa parte dos administrativos j\u00e1 atua nesses postos. O que precisamos agora \u00e9 da regulamenta\u00e7\u00e3o em lei dessas atribui\u00e7\u00f5es e da amplia\u00e7\u00e3o do nosso efetivo, hoje insuficiente\u201d,&nbsp;explica a sindicalista.  &nbsp;  Bras\u00edlia, 19h34min   <\/p>\n","protected":false},"excerpt":{"rendered":"<p>Terceirizados s\u00e3o presos em esquema criminoso no Cear\u00e1 A Pol\u00edcia Federal desmantelou hoje uma de associa\u00e7\u00e3o criminosa entre despachantes e funcion\u00e1rios terceirizados da pr\u00f3pria institui\u00e7\u00e3o que atuavam no Setor de Passaporte da Superintend\u00eancia Regional no Cear\u00e1. A investiga\u00e7\u00e3o, conduzida h\u00e1 seis meses pela intelig\u00eancia do \u00f3rg\u00e3o, revelou que despachantes davam dinheiro e vantagens indevidas a terceirizados da Delegacia de Pol\u00edcia [&hellip;]<\/p>\n","protected":false},"author":27,"featured_media":0,"comment_status":"open","ping_status":"open","sticky":false,"template":"","format":"standard","meta":{"footnotes":""},"categories":[1],"tags":[],"class_list":["post-37","post","type-post","status-publish","format-standard","hentry","category-sem-categoria"],"_links":{"self":[{"href":"https:\/\/blogs.correiobraziliense.com.br\/servidor\/wp-json\/wp\/v2\/posts\/37","targetHints":{"allow":["GET"]}}],"collection":[{"href":"https:\/\/blogs.correiobraziliense.com.br\/servidor\/wp-json\/wp\/v2\/posts"}],"about":[{"href":"https:\/\/blogs.correiobraziliense.com.br\/servidor\/wp-json\/wp\/v2\/types\/post"}],"author":[{"embeddable":true,"href":"https:\/\/blogs.correiobraziliense.com.br\/servidor\/wp-json\/wp\/v2\/users\/27"}],"replies":[{"embeddable":true,"href":"https:\/\/blogs.correiobraziliense.com.br\/servidor\/wp-json\/wp\/v2\/comments?post=37"}],"version-history":[{"count":0,"href":"https:\/\/blogs.correiobraziliense.com.br\/servidor\/wp-json\/wp\/v2\/posts\/37\/revisions"}],"wp:attachment":[{"href":"https:\/\/blogs.correiobraziliense.com.br\/servidor\/wp-json\/wp\/v2\/media?parent=37"}],"wp:term":[{"taxonomy":"category","embeddable":true,"href":"https:\/\/blogs.correiobraziliense.com.br\/servidor\/wp-json\/wp\/v2\/categories?post=37"},{"taxonomy":"post_tag","embeddable":true,"href":"https:\/\/blogs.correiobraziliense.com.br\/servidor\/wp-json\/wp\/v2\/tags?post=37"}],"curies":[{"name":"wp","href":"https:\/\/api.w.org\/{rel}","templated":true}]}}