{"id":3696,"date":"2016-11-29T14:51:55","date_gmt":"2016-11-29T16:51:55","guid":{"rendered":"https:\/\/blogs.correiobraziliense.com.br\/servidor\/?p=3696"},"modified":"2016-11-29T14:51:55","modified_gmt":"2016-11-29T16:51:55","slug":"despesas-de-custeio-do-governo-federal-caem-49-em-outubro","status":"publish","type":"post","link":"https:\/\/blogs.correiobraziliense.com.br\/servidor\/despesas-de-custeio-do-governo-federal-caem-49-em-outubro\/","title":{"rendered":"Despesas de custeio do governo federal caem 4,9% em outubro"},"content":{"rendered":"<div style=\"text-align: left\" align=\"center\"><span style=\"font-family: Calibri,sans-serif;font-size: small\"><span style=\"font-family: Arial,sans-serif\"><em>Governo economizou R$ 1,8 bilh\u00e3o em 12 meses descontado infla\u00e7\u00e3o<\/em><\/span><\/span><\/div>\n<div align=\"justify\"><span style=\"font-family: Calibri,sans-serif;font-size: small\"><span style=\"font-family: Arial,sans-serif\">\u00a0<\/span><\/span><\/div>\n<div align=\"justify\">\n<div align=\"justify\"><span style=\"font-family: Calibri,sans-serif;font-size: small\"><span style=\"font-family: Arial,sans-serif\">O Minist\u00e9rio do Planejamento informou que as despesas de custeio do governo federal ca\u00edram tanto nos \u00faltimos 12 meses encerrados em outubro quanto no acumulado do ano.\u00a0<\/span><span style=\"color: black;font-family: Arial,sans-serif\">Em termos reais (descontada a infla\u00e7\u00e3o do per\u00edodo), o governo economizou 4,95% entre outubro de 2015 e outubro deste ano com gastos administrativos, totalizando uma economia de R$ 1,838 bilh\u00e3o.<br \/>\n<\/span><\/span><\/div>\n<div align=\"justify\"><span style=\"font-family: Calibri,sans-serif;font-size: small\"><span style=\"font-family: Arial,sans-serif\">\u00a0<\/span><\/span><\/div>\n<div align=\"justify\"><span style=\"font-family: Calibri,sans-serif;font-size: small\"><span style=\"font-family: Arial,sans-serif\">O esfor\u00e7o do Poder<\/span><span style=\"color: #1f497d;font-family: Arial,sans-serif\">\u00a0<\/span><span style=\"font-family: Arial,sans-serif\">Executivo para reduzir despesas de custeio tamb\u00e9m se refletiu no acumulado do ano. <span style=\"font-family: Calibri,sans-serif;font-size: small\"><span style=\"font-family: Arial,sans-serif\">A redu\u00e7\u00e3o foi de R$ 688 milh\u00f5es, descontado o IPCA do per\u00edodo.<\/span><\/span> Entre janeiro e outubro deste ano<\/span><span style=\"color: #1f497d;font-family: Arial,sans-serif\">,<\/span><span style=\"font-family: Arial,sans-serif\">\u00a0os gastos ficaram 3,15% menores na compara\u00e7\u00e3o com o mesmo per\u00edodo de 2015, segundo dados apurados pela Secretaria de Or\u00e7amento Federal e consolidados no Boletim de Custeio Administrativo.<br \/>\n<\/span><\/span><\/div>\n<div align=\"justify\"><span style=\"font-family: Calibri,sans-serif;font-size: small\"><span style=\"font-family: Arial,sans-serif\">\u00a0<\/span><\/span><\/div>\n<div align=\"justify\"><span style=\"font-family: Calibri,sans-serif;font-size: small\"><span style=\"font-family: Arial,sans-serif\">A maior queda nos \u00faltimos 12 meses encerrados em outubro foi de 30,9% no gasto com combust\u00edveis e lubrificantes, em retra\u00e7\u00e3o h\u00e1 seis meses consecutivos. As despesas com servi\u00e7os de telecomunica\u00e7\u00f5es recuaram 28,1%. J\u00e1 o custo com passagens a\u00e9reas e locomo\u00e7\u00e3o caiu 25,5%. Essa despesa do governo federal cai h\u00e1 23 meses consecutivos, reflexo da mudan\u00e7a no sistema de aquisi\u00e7\u00e3o de passagens com a ado\u00e7\u00e3o de compra direta pelos \u00f3rg\u00e3os p\u00fablicos. E os gastos com loca\u00e7\u00e3o de ve\u00edculos recuaram 17,4%.<\/span><\/span><\/div>\n<div align=\"justify\"><span style=\"font-family: Calibri,sans-serif;font-size: small\"><span style=\"font-family: Arial,sans-serif\">\u00a0<\/span><\/span><\/div>\n<div align=\"justify\"><span style=\"font-family: Calibri,sans-serif;font-size: small\"><span style=\"color: #212121;font-family: Arial,sans-serif\">Dos\u00a0<\/span><span style=\"font-family: Arial,sans-serif\">oito itens de\u00a0<\/span><span style=\"color: #212121;font-family: Arial,sans-serif\">despesas analisadas nos \u00faltimos 12 meses,\u00a0<\/span><span style=\"font-family: Arial,sans-serif\">seis apresentaram\u00a0<\/span><span style=\"color: #212121;font-family: Arial,sans-serif\">recuo:\u00a0servi\u00e7os de apoio, material de consumo, comunica\u00e7\u00e3o e processamento de dados, loca\u00e7\u00e3o e conserva\u00e7\u00e3o de bens im\u00f3veis, loca\u00e7\u00e3o e conserva\u00e7\u00e3o de bens m\u00f3veis e di\u00e1rias e passagens. Apenas o item energia el\u00e9trica e outros servi\u00e7os \u2013 que engloba servi\u00e7os banc\u00e1rios, de consultorias, entre outros \u2013 apresentou crescimento nos \u00faltimos 12 meses\u200b<\/span><\/span><\/div>\n<\/div>\n<div align=\"justify\"><\/div>\n<div align=\"justify\">\n<div align=\"justify\"><span style=\"font-family: Calibri,sans-serif;font-size: small\"><span style=\"color: #212121;font-family: Arial,sans-serif\"><span style=\"color: black;font-family: Arial,sans-serif\">O resultado est\u00e1 na s\u00e9rie hist\u00f3rica das despesas do governo federal at\u00e9 outubro de 2016, divulgada mensalmente pelo Minist\u00e9rio do Planejamento, Desenvolvimento e Gest\u00e3o.<\/span>O\u00a0<\/span><a href=\"http:\/\/www.planejamento.gov.br\/servicos\/central-de-conteudos\/boletim-de-custeio-administrativo\/201610-out-2016-custeio-administrativo-inclui-obrigatorias-divulgacao.xlsx\" target=\"_blank\"><span style=\"font-family: Arial,sans-serif\">Boletim de Custeio Administrativo<\/span><\/a><span style=\"color: #212121;font-family: Arial,sans-serif\">\u00a0tem por objetivo dar transpar\u00eancia \u00e0s a\u00e7\u00f5es do governo e auxiliar no controle das despesas da Administra\u00e7\u00e3o P\u00fablica Federal. A publica\u00e7\u00e3o \u00e9 trimestral\u00a0<\/span><span style=\"font-family: Arial,sans-serif\">com atualiza\u00e7\u00f5es mensais das informa\u00e7\u00f5es\u00a0<\/span><span style=\"color: #212121;font-family: Arial,sans-serif\">sobre as despesas agrupadas em oito itens: servi\u00e7os de apoio, material de consumo, comunica\u00e7\u00e3o e processamento de dados, loca\u00e7\u00e3o e conserva\u00e7\u00e3o de bens im\u00f3veis, energia el\u00e9trica e \u00e1gua, loca\u00e7\u00e3o e conserva\u00e7\u00e3o de bens m\u00f3veis, di\u00e1rias e passagens e outros servi\u00e7os.<\/span><\/span><\/div>\n<\/div>\n","protected":false},"excerpt":{"rendered":"<p>Governo economizou R$ 1,8 bilh\u00e3o em 12 meses descontado infla\u00e7\u00e3o \u00a0 O Minist\u00e9rio do Planejamento informou que as despesas de custeio do governo federal ca\u00edram tanto nos \u00faltimos 12 meses encerrados em outubro quanto no acumulado do ano.\u00a0Em termos reais (descontada a infla\u00e7\u00e3o do per\u00edodo), o governo economizou 4,95% entre outubro de 2015 e outubro deste ano com gastos administrativos, [&hellip;]<\/p>\n","protected":false},"author":27,"featured_media":0,"comment_status":"open","ping_status":"closed","sticky":false,"template":"","format":"standard","meta":{"footnotes":""},"categories":[2719],"tags":[1055,236,235,4478,124,1169,98,240,636,141,2991,1413],"class_list":["post-3696","post","type-post","status-publish","format-standard","hentry","category-servidor","tag-administrativos","tag-custeio","tag-despesas","tag-economizou","tag-federal","tag-gastos","tag-governo","tag-inflacao","tag-ipca","tag-ministerio-do-planejamento","tag-outubro","tag-poder-executivo"],"_links":{"self":[{"href":"https:\/\/blogs.correiobraziliense.com.br\/servidor\/wp-json\/wp\/v2\/posts\/3696","targetHints":{"allow":["GET"]}}],"collection":[{"href":"https:\/\/blogs.correiobraziliense.com.br\/servidor\/wp-json\/wp\/v2\/posts"}],"about":[{"href":"https:\/\/blogs.correiobraziliense.com.br\/servidor\/wp-json\/wp\/v2\/types\/post"}],"author":[{"embeddable":true,"href":"https:\/\/blogs.correiobraziliense.com.br\/servidor\/wp-json\/wp\/v2\/users\/27"}],"replies":[{"embeddable":true,"href":"https:\/\/blogs.correiobraziliense.com.br\/servidor\/wp-json\/wp\/v2\/comments?post=3696"}],"version-history":[{"count":1,"href":"https:\/\/blogs.correiobraziliense.com.br\/servidor\/wp-json\/wp\/v2\/posts\/3696\/revisions"}],"predecessor-version":[{"id":3697,"href":"https:\/\/blogs.correiobraziliense.com.br\/servidor\/wp-json\/wp\/v2\/posts\/3696\/revisions\/3697"}],"wp:attachment":[{"href":"https:\/\/blogs.correiobraziliense.com.br\/servidor\/wp-json\/wp\/v2\/media?parent=3696"}],"wp:term":[{"taxonomy":"category","embeddable":true,"href":"https:\/\/blogs.correiobraziliense.com.br\/servidor\/wp-json\/wp\/v2\/categories?post=3696"},{"taxonomy":"post_tag","embeddable":true,"href":"https:\/\/blogs.correiobraziliense.com.br\/servidor\/wp-json\/wp\/v2\/tags?post=3696"}],"curies":[{"name":"wp","href":"https:\/\/api.w.org\/{rel}","templated":true}]}}