{"id":3689,"date":"2016-11-29T14:05:35","date_gmt":"2016-11-29T16:05:35","guid":{"rendered":"https:\/\/blogs.correiobraziliense.com.br\/servidor\/?p=3689"},"modified":"2016-11-29T14:05:35","modified_gmt":"2016-11-29T16:05:35","slug":"fenapef-1o-seminario-de-valorizacao-e-apoio-ao-policial","status":"publish","type":"post","link":"https:\/\/blogs.correiobraziliense.com.br\/servidor\/fenapef-1o-seminario-de-valorizacao-e-apoio-ao-policial\/","title":{"rendered":"Fenapef &#8211; 1\u00ba Semin\u00e1rio de Valoriza\u00e7\u00e3o e Apoio ao Policial"},"content":{"rendered":"<p>A Federa\u00e7\u00e3o Nacional dos Policiais Federais (Fenapef) em parceria com a Educare Consultoria, realizam o 1\u00ba Semin\u00e1rio de Valoriza\u00e7\u00e3o e Apoio ao Policial, no per\u00edodo de 30 de novembro a 02 de dezembro de 2016, em Natal\/RN, no audit\u00f3rio da Superintend\u00eancia Regional da Policia Federal do Estado do Rio Grande do Norte.<\/p>\n<p>O Semin\u00e1rio conta com o apoio do Sindicato dos Policiais Federais no Rio Grande do Norte (Sinpef\/RN) e da Superintend\u00eancia da Pol\u00edcia Federal do Estado, e ser\u00e1 ministrado pelo professor Ricardo B. Balestreri, ex-secret\u00e1rio nacional de seguran\u00e7a p\u00fablica e ex-diretor de ensino e pesquisa da Senasp, e pela psic\u00f3loga, fil\u00f3sofa e professora Rosa Maria Gross de Almeida,\u00a0com mais de 20 anos de atua\u00e7\u00e3o em\u00a0 programas e processos de educa\u00e7\u00e3o de for\u00e7as policiais em todo o Brasil.<\/p>\n<p>As vagas s\u00e3o limitadas (50) e ser\u00e3o distribu\u00eddas para os policiais federais, policiais rodovi\u00e1rios federais, policiais militares, bombeiros, policiais civis, agentes penitenci\u00e1rios e guardas municipais.<\/p>\n<p><strong>Tem\u00e1tica:<\/strong><strong>\u00a0<\/strong><strong><br \/>\n<\/strong>Relev\u00e2ncia social e hist\u00f3rica da Pol\u00edcia;<br \/>\nLideran\u00e7a Policial;<br \/>\nO policial como protagonista de transforma\u00e7\u00f5es;<br \/>\nRela\u00e7\u00f5es intrapessoais e interpessoais e resolu\u00e7\u00e3o de conflitos;<br \/>\nAn\u00e1lise transacional (AT) focada na pessoa do policial;<br \/>\nFerramentas de busca de equil\u00edbrio emocional.<\/p>\n<p><strong>Informa\u00e7\u00f5es e inscri\u00e7\u00f5es:<\/strong><br \/>\nSindicato dos Policiais Federais do Rio Grande do Norte (Sinpef\/RN)<br \/>\nTel.: (84) 3234-7407 (hor\u00e1rio comercial)<br \/>\ncontato.sinpefrn@gmail.com<\/p>\n","protected":false},"excerpt":{"rendered":"<p>A Federa\u00e7\u00e3o Nacional dos Policiais Federais (Fenapef) em parceria com a Educare Consultoria, realizam o 1\u00ba Semin\u00e1rio de Valoriza\u00e7\u00e3o e Apoio ao Policial, no per\u00edodo de 30 de novembro a 02 de dezembro de 2016, em Natal\/RN, no audit\u00f3rio da Superintend\u00eancia Regional da Policia Federal do Estado do Rio Grande do Norte. O Semin\u00e1rio conta com o apoio do Sindicato [&hellip;]<\/p>\n","protected":false},"author":27,"featured_media":0,"comment_status":"open","ping_status":"closed","sticky":false,"template":"","format":"standard","meta":{"footnotes":""},"categories":[2719],"tags":[792,4476,124,107,4164,267,4477,524],"class_list":["post-3689","post","type-post","status-publish","format-standard","hentry","category-servidor","tag-apoio","tag-educare","tag-federal","tag-fenapef","tag-policial","tag-seminario","tag-sinpefrn","tag-valorizacao"],"_links":{"self":[{"href":"https:\/\/blogs.correiobraziliense.com.br\/servidor\/wp-json\/wp\/v2\/posts\/3689","targetHints":{"allow":["GET"]}}],"collection":[{"href":"https:\/\/blogs.correiobraziliense.com.br\/servidor\/wp-json\/wp\/v2\/posts"}],"about":[{"href":"https:\/\/blogs.correiobraziliense.com.br\/servidor\/wp-json\/wp\/v2\/types\/post"}],"author":[{"embeddable":true,"href":"https:\/\/blogs.correiobraziliense.com.br\/servidor\/wp-json\/wp\/v2\/users\/27"}],"replies":[{"embeddable":true,"href":"https:\/\/blogs.correiobraziliense.com.br\/servidor\/wp-json\/wp\/v2\/comments?post=3689"}],"version-history":[{"count":1,"href":"https:\/\/blogs.correiobraziliense.com.br\/servidor\/wp-json\/wp\/v2\/posts\/3689\/revisions"}],"predecessor-version":[{"id":3690,"href":"https:\/\/blogs.correiobraziliense.com.br\/servidor\/wp-json\/wp\/v2\/posts\/3689\/revisions\/3690"}],"wp:attachment":[{"href":"https:\/\/blogs.correiobraziliense.com.br\/servidor\/wp-json\/wp\/v2\/media?parent=3689"}],"wp:term":[{"taxonomy":"category","embeddable":true,"href":"https:\/\/blogs.correiobraziliense.com.br\/servidor\/wp-json\/wp\/v2\/categories?post=3689"},{"taxonomy":"post_tag","embeddable":true,"href":"https:\/\/blogs.correiobraziliense.com.br\/servidor\/wp-json\/wp\/v2\/tags?post=3689"}],"curies":[{"name":"wp","href":"https:\/\/api.w.org\/{rel}","templated":true}]}}