{"id":3682,"date":"2016-11-29T11:03:29","date_gmt":"2016-11-29T13:03:29","guid":{"rendered":"https:\/\/blogs.correiobraziliense.com.br\/servidor\/?p=3682"},"modified":"2016-11-29T11:03:29","modified_gmt":"2016-11-29T13:03:29","slug":"quatro-em-cada-dez-desconhecem-pec-do-teto-de-gastos-publicos-mostra-ipsos","status":"publish","type":"post","link":"https:\/\/blogs.correiobraziliense.com.br\/servidor\/quatro-em-cada-dez-desconhecem-pec-do-teto-de-gastos-publicos-mostra-ipsos\/","title":{"rendered":"Quatro em cada dez desconhecem a PEC do Teto de Gastos P\u00fablicos, mostra Ipsos"},"content":{"rendered":"<p><i>Apesar do desconhecimento, 64% acreditam que \u00e9 necess\u00e1rio diminuir os gastos do governo. Pesquisa Ipsos em 72 cidades brasileiras mostra que 43% dos entrevistados desconhecem a PEC do Teto de Gastos P\u00fablicos, que deve ser votada no Senado hoje (29). O estudo, que ouviu 1.200 pessoas entre 1 e 13 de novembro, aponta ainda que uma por\u00e7\u00e3o significativa dos pesquisados n\u00e3o tem uma posi\u00e7\u00e3o definida sobre a emenda: 41% n\u00e3o souberam ou preferiram n\u00e3o responder se s\u00e3o a favor ou contra as medidas.<br \/>\n<\/i><\/p>\n<p dir=\"ltr\">A Proposta de Emenda \u00e0 Constitui\u00e7\u00e3o (PEC) 55\/2016, que institui o teto de gastos p\u00fablicos para os pr\u00f3ximos 20 anos, est\u00e1 pronta para ser votada no Senado Federal nesta ter\u00e7a-feira (29). O tema, contudo, ainda \u00e9 desconhecido por parcela significativa da popula\u00e7\u00e3o, revela uma pesquisa da Ipsos. De acordo com dados mais recentes do Pulso Brasil, 43% dos brasileiros afirmam desconhecer a proposta. Outros 49% afirmam j\u00e1 ter ouvido falar das medidas e 8% n\u00e3o souberam responder.<\/p>\n<p dir=\"ltr\">Al\u00e9m da taxa de desconhecimento, \u00e9 alto tamb\u00e9m o percentual dos que n\u00e3o t\u00eam uma posi\u00e7\u00e3o definida de favorabilidade ou n\u00e3o \u00e0 PEC: 41% n\u00e3o souberam ou preferiram n\u00e3o responder se s\u00e3o a favor ou contra as medidas. Outros 42% s\u00e3o contra as medidas, seguidos por 17% que se posicionam a favor. A pesquisa Pulso Brasil foi realizada entre os dias 1 e 13 de novembro em 72 cidades brasileiras por meio de 1.200 entrevistas presenciais. A margem de erro \u00e9 de tr\u00eas pontos percentuais.<\/p>\n<p dir=\"ltr\">O n\u00edvel de desconhecimento \u00e9 mais acentuado entre os com pouca escolaridade. Dos entrevistados sem instru\u00e7\u00e3o, 56% disseram n\u00e3o ter ouvido falar sobre as medidas, contra 37% dentre aqueles com o ensino m\u00e9dio completo. Quanto \u00e0 favorabilidade ao tema, 60% dos entrevistados sem instru\u00e7\u00e3o n\u00e3o souberam ou n\u00e3o responderam, contra 35% entre aqueles com o ensino m\u00e9dio completo.<\/p>\n<p dir=\"ltr\">\u201cA PEC do teto de gastos p\u00fablicos ainda \u00e9 um tema que gera muitas d\u00favidas na sociedade e, por conta disso, a opini\u00e3o p\u00fablica n\u00e3o consegue entender quais as reais consequ\u00eancias dessa vota\u00e7\u00e3o, seja para o pa\u00eds, seja para si pr\u00f3prios\u201d, afirma Danilo Cersosimo, diretor da Ipsos Public Affairs, respons\u00e1vel pelo Pulso Brasil.<\/p>\n<p dir=\"ltr\">O estudo revela ainda que quatro em cada dez entrevistados (44%) acreditam que a PEC do teto pioraria sua vida, com um quarto que acredita que a emenda pioraria muito seu futuro. Na outra ponta, 14% acreditam que as medidas melhorariam suas vidas. Outros 42% n\u00e3o souberam ou preferiram n\u00e3o responder. A percep\u00e7\u00e3o mais negativa est\u00e1 no Nordeste, onde 75% dos pesquisados afirmam que o teto de gastos pioraria seu futuro. O Norte \u00e9 onde o \u00edndice para essa quest\u00e3o \u00e9 menor (27%). A regi\u00e3o tamb\u00e9m \u00e9 onde houve o maior percentual dos que n\u00e3o souberam ou n\u00e3o responderam a quest\u00e3o sobre o impacto das medidas no futuro: 59%.<\/p>\n<p dir=\"ltr\">Tamb\u00e9m \u00e9 alto o n\u00edvel de desconhecimento dos pesquisados sobre quais partidos est\u00e3o a favor ou contra a emenda. Mais da metade do eleitorado n\u00e3o soube responder qual a posi\u00e7\u00e3o quanto ao tema de partidos como PMDB (60%), PSDB (64%), PT (61%), Democratas (68%), PDT (69%), PP (71%), PR (72%), PSB (69%), PSOL (66%) e Rede (74%).<\/p>\n<p dir=\"ltr\"><strong>Menos gastos<\/strong><\/p>\n<p dir=\"ltr\">Quando questionados se a PEC, caso aprovada, seria boa ou ruim para a sociedade brasileira, mais da metade (51%) afirmou que ela teria impacto negativo. Apenas 18% disseram que a proposta seria positiva enquanto um ter\u00e7o dos pesquisados n\u00e3o soube responder (31%). Para os pesquisados, os maiores benefici\u00e1rios da redu\u00e7\u00e3o de gastos p\u00fablicos ser\u00e3o os pol\u00edticos e os mais ricos: 48% e 42% respectivamente acreditam que a mudan\u00e7a ser\u00e1 boa para esses grupos. Os menos beneficiados ser\u00e3o os mais pobres e os funcion\u00e1rios p\u00fablicos: apenas 15% e 23% respectivamente acreditam que limitar os gastos beneficiaria esses grupos.<\/p>\n<p dir=\"ltr\">J\u00e1 quando questionados sobre o que acham necess\u00e1rio quanto os gastos do governo, a maioria acredita que \u00e9 preciso diminu\u00ed-los (64%). Outros 44% tamb\u00e9m acreditam que \u00e9 necess\u00e1rio haver um limite para as despesas em determinados setores. Para a maior parte dos entrevistados, no entanto, sa\u00fade (39%), educa\u00e7\u00e3o (39%) e seguran\u00e7a (37%) deveriam ser retirados do c\u00e1lculo da PEC do teto de gastos p\u00fablicos.<\/p>\n<p><strong>Sobre a Ipsos<br \/>\n<\/strong>A Ipsos \u00e9 uma empresa independente global na \u00e1rea de pesquisa de mercado presente em 88 pa\u00edses. A companhia tem mais de 5 mil clientes e ocupa a terceira posi\u00e7\u00e3o na ind\u00fastria de pesquisa. Maior empresa de pesquisa eleitoral do mundo, a Ipsos atua ainda nas \u00e1reas de publicidade, fideliza\u00e7\u00e3o de clientes, marketing, m\u00eddia, opini\u00e3o p\u00fablica e coleta de dados. Os pesquisadores da Ipsos avaliam o potencial do mercado e interpretam as tend\u00eancias. Desenvolvem e constroem marcas, ajudam os clientes a constru\u00edrem relacionamento de longo prazo com seus parceiros, testam publicidade e analisam audi\u00eancia, medem a opini\u00e3o p\u00fablica ao redor do mundo. Para mais informa\u00e7\u00f5es, acesse:<a title=\"blocked::http:\/\/www.ipsos.com.br\/\" href=\"http:\/\/www.ipsos.com.br\"> www.ipsos.com.br<\/a>,<a title=\"blocked::http:\/\/www.ipsos.com\/\" href=\"http:\/\/www.ipsos.com\">www.ipsos.com<\/a>, <a title=\"blocked::https:\/\/youtu.be\/QpajPPwN4oE\" href=\"https:\/\/youtu.be\/QpajPPwN4oE\">https:\/\/youtu.be\/QpajPPwN4oE<\/a>, <a title=\"blocked::https:\/\/youtu.be\/EWda5jAElZ0\" href=\"https:\/\/youtu.be\/EWda5jAElZ0\">https:\/\/youtu.be\/EWda5jAElZ0<\/a> e\u00a0<a title=\"blocked::https:\/\/youtu.be\/2KgINZxhTAU\" href=\"https:\/\/youtu.be\/2KgINZxhTAU\">https:\/\/youtu.be\/2KgINZxhTAU<\/a>.<\/p>\n","protected":false},"excerpt":{"rendered":"<p>Apesar do desconhecimento, 64% acreditam que \u00e9 necess\u00e1rio diminuir os gastos do governo. Pesquisa Ipsos em 72 cidades brasileiras mostra que 43% dos entrevistados desconhecem a PEC do Teto de Gastos P\u00fablicos, que deve ser votada no Senado hoje (29). O estudo, que ouviu 1.200 pessoas entre 1 e 13 de novembro, aponta ainda que uma por\u00e7\u00e3o significativa dos pesquisados [&hellip;]<\/p>\n","protected":false},"author":27,"featured_media":0,"comment_status":"open","ping_status":"closed","sticky":false,"template":"","format":"standard","meta":{"footnotes":""},"categories":[2719],"tags":[734,4467,2655,2450,1287,1169,4468,2156,24,4469,696,642],"class_list":["post-3682","post","type-post","status-publish","format-standard","hentry","category-servidor","tag-brasileiros","tag-desconhecem","tag-diminuir","tag-emenda","tag-estudo","tag-gastos","tag-ipsos","tag-pec","tag-publicos","tag-pulso-brasil","tag-senado","tag-teto"],"_links":{"self":[{"href":"https:\/\/blogs.correiobraziliense.com.br\/servidor\/wp-json\/wp\/v2\/posts\/3682","targetHints":{"allow":["GET"]}}],"collection":[{"href":"https:\/\/blogs.correiobraziliense.com.br\/servidor\/wp-json\/wp\/v2\/posts"}],"about":[{"href":"https:\/\/blogs.correiobraziliense.com.br\/servidor\/wp-json\/wp\/v2\/types\/post"}],"author":[{"embeddable":true,"href":"https:\/\/blogs.correiobraziliense.com.br\/servidor\/wp-json\/wp\/v2\/users\/27"}],"replies":[{"embeddable":true,"href":"https:\/\/blogs.correiobraziliense.com.br\/servidor\/wp-json\/wp\/v2\/comments?post=3682"}],"version-history":[{"count":1,"href":"https:\/\/blogs.correiobraziliense.com.br\/servidor\/wp-json\/wp\/v2\/posts\/3682\/revisions"}],"predecessor-version":[{"id":3683,"href":"https:\/\/blogs.correiobraziliense.com.br\/servidor\/wp-json\/wp\/v2\/posts\/3682\/revisions\/3683"}],"wp:attachment":[{"href":"https:\/\/blogs.correiobraziliense.com.br\/servidor\/wp-json\/wp\/v2\/media?parent=3682"}],"wp:term":[{"taxonomy":"category","embeddable":true,"href":"https:\/\/blogs.correiobraziliense.com.br\/servidor\/wp-json\/wp\/v2\/categories?post=3682"},{"taxonomy":"post_tag","embeddable":true,"href":"https:\/\/blogs.correiobraziliense.com.br\/servidor\/wp-json\/wp\/v2\/tags?post=3682"}],"curies":[{"name":"wp","href":"https:\/\/api.w.org\/{rel}","templated":true}]}}