{"id":3680,"date":"2016-11-28T19:21:42","date_gmt":"2016-11-28T21:21:42","guid":{"rendered":"https:\/\/blogs.correiobraziliense.com.br\/servidor\/?p=3680"},"modified":"2016-11-28T19:21:42","modified_gmt":"2016-11-28T21:21:42","slug":"camara-entrega-diploma-mulher-cidada-nesta-quinta","status":"publish","type":"post","link":"https:\/\/blogs.correiobraziliense.com.br\/servidor\/camara-entrega-diploma-mulher-cidada-nesta-quinta\/","title":{"rendered":"C\u00e2mara entrega Diploma Mulher-Cidad\u00e3 nesta quinta"},"content":{"rendered":"<p>A C\u00e2mara dos Deputados realiza sess\u00e3o solene, na pr\u00f3xima quinta-feira (1\u00ba), para entrega do\u00a0<a href=\"http:\/\/www2.camara.leg.br\/atividade-legislativa\/comissoes\/comissoes-permanentes\/comissao-de-defesa-dos-direitos-da-mulher-cmulher\/noticias\/diploma-mulher-cidada-carlota-pereira-de-queiros\">Diploma Mulher-Cidad\u00e3 Carlota Pereira de Queir\u00f3z<\/a>. Neste ano, ser\u00e3o agraciadas cinco mulheres que se destacaram pela defesa dos direitos da mulher e de quest\u00f5es de g\u00eanero no Brasil. O evento ser\u00e1 \u00e0s 9 horas, no Plen\u00e1rio Ulysses Guimar\u00e3es.<\/p>\n<p>Esta \u00e9 a sexta edi\u00e7\u00e3o do Diploma Mulher-Cidad\u00e3. Desde que foi criado, a C\u00e2mara j\u00e1 premiou 25 mulheres, cinco em cada edi\u00e7\u00e3o &#8211; 2004, 2006, 2007, 2008 e 2009. As indica\u00e7\u00f5es s\u00e3o feitas pelos deputados e atualmente selecionadas pela Comiss\u00e3o de Defesa dos Direitos da Mulher.<\/p>\n<p><b>Homenageadas<br \/>\n<\/b>Receber\u00e3o o Diploma:<br \/>\n&#8211;\u00a0 Amini Haddad Campos, ju\u00edza de Direito do Tribunal de Justi\u00e7a de Mato Grosso (TJMT);<br \/>\n&#8211; T\u00e2nia Regina Pereira Rodrigues, fundadora da Associa\u00e7\u00e3o Niteroiense dos Deficientes F\u00edsicos (ANDEF) &#8211; Niter\u00f3i\/RJ;<br \/>\n&#8211; Ministra C\u00e1rmen L\u00facia, presidente do Supremo Tribunal Federal (STF);<br \/>\n&#8211; Maria da Concei\u00e7\u00e3o Dias de Albuquerque, mission\u00e1ria, diretora-presidente da Associa\u00e7\u00e3o dos Mission\u00e1rios da Solidariedade Lar Amigos de Jesus \u2013 Fortaleza\/CE; e<br \/>\n&#8211; Luiza Helena de Bairros, ex-ministra chefe da Secretaria de Pol\u00edticas de Promo\u00e7\u00e3o da Igualdade Racial (homenagem p\u00f3stuma).<\/p>\n<p><b>Carlota Pereira de Queir\u00f3s<br \/>\n<\/b>Carlota Pereira de Queir\u00f3s, que d\u00e1 nome ao pr\u00eamio, foi a primeira deputada federal da hist\u00f3ria do Brasil, eleita pelo estado de S\u00e3o Paulo em 1934. Seu mandato foi em defesa da mulher e das crian\u00e7as. Participou dos trabalhos na Assembleia Nacional Constituinte, entre 1934 e 1935. Publicou uma s\u00e9rie de trabalhos em defesa da mulher brasileira. Ocupou o cargo at\u00e9 o Golpe de 1937, quando Get\u00falio Vargas fechou o Congresso.<\/p>\n","protected":false},"excerpt":{"rendered":"<p>A C\u00e2mara dos Deputados realiza sess\u00e3o solene, na pr\u00f3xima quinta-feira (1\u00ba), para entrega do\u00a0Diploma Mulher-Cidad\u00e3 Carlota Pereira de Queir\u00f3z. Neste ano, ser\u00e3o agraciadas cinco mulheres que se destacaram pela defesa dos direitos da mulher e de quest\u00f5es de g\u00eanero no Brasil. O evento ser\u00e1 \u00e0s 9 horas, no Plen\u00e1rio Ulysses Guimar\u00e3es. Esta \u00e9 a sexta edi\u00e7\u00e3o do Diploma Mulher-Cidad\u00e3. Desde [&hellip;]<\/p>\n","protected":false},"author":27,"featured_media":0,"comment_status":"open","ping_status":"closed","sticky":false,"template":"","format":"standard","meta":{"footnotes":""},"categories":[2719],"tags":[61,4465,4466,2945,124,4464],"class_list":["post-3680","post","type-post","status-publish","format-standard","hentry","category-servidor","tag-camara","tag-carlota-pereira-queiros","tag-deputada","tag-diploma","tag-federal","tag-mulher-cidada"],"_links":{"self":[{"href":"https:\/\/blogs.correiobraziliense.com.br\/servidor\/wp-json\/wp\/v2\/posts\/3680","targetHints":{"allow":["GET"]}}],"collection":[{"href":"https:\/\/blogs.correiobraziliense.com.br\/servidor\/wp-json\/wp\/v2\/posts"}],"about":[{"href":"https:\/\/blogs.correiobraziliense.com.br\/servidor\/wp-json\/wp\/v2\/types\/post"}],"author":[{"embeddable":true,"href":"https:\/\/blogs.correiobraziliense.com.br\/servidor\/wp-json\/wp\/v2\/users\/27"}],"replies":[{"embeddable":true,"href":"https:\/\/blogs.correiobraziliense.com.br\/servidor\/wp-json\/wp\/v2\/comments?post=3680"}],"version-history":[{"count":1,"href":"https:\/\/blogs.correiobraziliense.com.br\/servidor\/wp-json\/wp\/v2\/posts\/3680\/revisions"}],"predecessor-version":[{"id":3681,"href":"https:\/\/blogs.correiobraziliense.com.br\/servidor\/wp-json\/wp\/v2\/posts\/3680\/revisions\/3681"}],"wp:attachment":[{"href":"https:\/\/blogs.correiobraziliense.com.br\/servidor\/wp-json\/wp\/v2\/media?parent=3680"}],"wp:term":[{"taxonomy":"category","embeddable":true,"href":"https:\/\/blogs.correiobraziliense.com.br\/servidor\/wp-json\/wp\/v2\/categories?post=3680"},{"taxonomy":"post_tag","embeddable":true,"href":"https:\/\/blogs.correiobraziliense.com.br\/servidor\/wp-json\/wp\/v2\/tags?post=3680"}],"curies":[{"name":"wp","href":"https:\/\/api.w.org\/{rel}","templated":true}]}}