{"id":3674,"date":"2016-11-28T19:01:50","date_gmt":"2016-11-28T21:01:50","guid":{"rendered":"https:\/\/blogs.correiobraziliense.com.br\/servidor\/?p=3674"},"modified":"2016-11-28T19:01:50","modified_gmt":"2016-11-28T21:01:50","slug":"senadores-conversam-com-magistrados","status":"publish","type":"post","link":"https:\/\/blogs.correiobraziliense.com.br\/servidor\/senadores-conversam-com-magistrados\/","title":{"rendered":"Senadores conversam com magistrados"},"content":{"rendered":"<p><span class=\"st\"><em> A presidente da Frente Associativa da Magistratura e do Minist\u00e9rio P\u00fablico (Frentas) e da Comiss\u00e3o Nacional dos Membros do Minist\u00e9rio P\u00fablico (Conamp), Norma Cavalcanti, est\u00e1 neste momento em reuni\u00e3o com senadores da oposi\u00e7\u00e3o discutindo assuntos como lei de abuso de autoridade (PLS 280), crime de responsabilidade (10 medidas contra a corrup\u00e7\u00e3o) Caixa 2, entre outros<\/em><br \/>\n<\/span><\/p>\n<p>Norma Cavalcanti, que est\u00e1 assumindo a presid\u00eancia da Frentas desmarcou um jantar com jornalistas porque foi chamada &#8220;de \u00faltima hora&#8221; para discutir essas quest\u00f5es afeitas ao MP. Fazem parte da Frentas: AMB, Anamatra, Ajufe, ANPR, ANPT, Conamp, AMPDFT, ANMPM, AmagisDF.<\/p>\n<p>&nbsp;<\/p>\n","protected":false},"excerpt":{"rendered":"<p>A presidente da Frente Associativa da Magistratura e do Minist\u00e9rio P\u00fablico (Frentas) e da Comiss\u00e3o Nacional dos Membros do Minist\u00e9rio P\u00fablico (Conamp), Norma Cavalcanti, est\u00e1 neste momento em reuni\u00e3o com senadores da oposi\u00e7\u00e3o discutindo assuntos como lei de abuso de autoridade (PLS 280), crime de responsabilidade (10 medidas contra a corrup\u00e7\u00e3o) Caixa 2, entre outros Norma Cavalcanti, que est\u00e1 assumindo [&hellip;]<\/p>\n","protected":false},"author":27,"featured_media":0,"comment_status":"open","ping_status":"closed","sticky":false,"template":"","format":"standard","meta":{"footnotes":""},"categories":[2719],"tags":[2947,3037,4460,4459,205,3416,3564,621,3424,1345,39],"class_list":["post-3674","post","type-post","status-publish","format-standard","hentry","category-servidor","tag-abuso","tag-autoridade","tag-conamp","tag-conversam","tag-corrupcao","tag-crime","tag-frentas","tag-magistrados","tag-oposicao","tag-responsabilidade","tag-senadores"],"_links":{"self":[{"href":"https:\/\/blogs.correiobraziliense.com.br\/servidor\/wp-json\/wp\/v2\/posts\/3674","targetHints":{"allow":["GET"]}}],"collection":[{"href":"https:\/\/blogs.correiobraziliense.com.br\/servidor\/wp-json\/wp\/v2\/posts"}],"about":[{"href":"https:\/\/blogs.correiobraziliense.com.br\/servidor\/wp-json\/wp\/v2\/types\/post"}],"author":[{"embeddable":true,"href":"https:\/\/blogs.correiobraziliense.com.br\/servidor\/wp-json\/wp\/v2\/users\/27"}],"replies":[{"embeddable":true,"href":"https:\/\/blogs.correiobraziliense.com.br\/servidor\/wp-json\/wp\/v2\/comments?post=3674"}],"version-history":[{"count":1,"href":"https:\/\/blogs.correiobraziliense.com.br\/servidor\/wp-json\/wp\/v2\/posts\/3674\/revisions"}],"predecessor-version":[{"id":3675,"href":"https:\/\/blogs.correiobraziliense.com.br\/servidor\/wp-json\/wp\/v2\/posts\/3674\/revisions\/3675"}],"wp:attachment":[{"href":"https:\/\/blogs.correiobraziliense.com.br\/servidor\/wp-json\/wp\/v2\/media?parent=3674"}],"wp:term":[{"taxonomy":"category","embeddable":true,"href":"https:\/\/blogs.correiobraziliense.com.br\/servidor\/wp-json\/wp\/v2\/categories?post=3674"},{"taxonomy":"post_tag","embeddable":true,"href":"https:\/\/blogs.correiobraziliense.com.br\/servidor\/wp-json\/wp\/v2\/tags?post=3674"}],"curies":[{"name":"wp","href":"https:\/\/api.w.org\/{rel}","templated":true}]}}