{"id":3664,"date":"2016-11-25T18:18:31","date_gmt":"2016-11-25T20:18:31","guid":{"rendered":"https:\/\/blogs.correiobraziliense.com.br\/servidor\/?p=3664"},"modified":"2016-11-25T18:18:31","modified_gmt":"2016-11-25T20:18:31","slug":"enap-lanca-edital-para-primeira-turma-do-mestrado-profissional-em-governanca-e-desenvolvimento","status":"publish","type":"post","link":"https:\/\/blogs.correiobraziliense.com.br\/servidor\/enap-lanca-edital-para-primeira-turma-do-mestrado-profissional-em-governanca-e-desenvolvimento\/","title":{"rendered":"Enap lan\u00e7a edital para primeira turma do Mestrado Profissional em Governan\u00e7a e Desenvolvimento"},"content":{"rendered":"<p>A Escola Nacional de Administra\u00e7\u00e3o P\u00fablica (Enap) abrir\u00e1 a primeira turma do Mestrado Profissional em Governan\u00e7a e Desenvolvimento. O\u00a0<a href=\"http:\/\/www.enap.gov.br\/web\/pt-br\/governanca-e-desenvolvimento\">edital<\/a>\u00a0foi lan\u00e7ado nesta sexta-feira (25) e as aulas ter\u00e3o in\u00edcio em 2017. O objetivo, segundo a Enap, \u00e9 dotar a administra\u00e7\u00e3o p\u00fablica federal de compet\u00eancias t\u00e9cnico-pol\u00edticas de gest\u00e3o, por meio da forma\u00e7\u00e3o de servidores p\u00fablicos para um alto desempenho em fun\u00e7\u00f5es estrat\u00e9gicas do Estado,.<\/p>\n<p>O curso de p\u00f3s-gradua\u00e7\u00e3o\u00a0<em>stricto sensu<\/em>\u00a0\u00e9 voltado para ocupantes de cargo efetivo em \u00f3rg\u00e3o ou entidade da administra\u00e7\u00e3o p\u00fablica federal, oficiais das for\u00e7as armadas federais e empregados p\u00fablicos federais concursados.\u00a0As aulas ser\u00e3o presenciais e ministradas em Bras\u00edlia.<\/p>\n<p>O processo seletivo ser\u00e1 por meio de quatro sistemas de vagas: ampla concorr\u00eancia; cotas de a\u00e7\u00e3o afirmativa para negros; cotas de a\u00e7\u00e3o afirmativa para ind\u00edgenas; e cotas de a\u00e7\u00e3o afirmativa para pessoas com defici\u00eancia.<\/p>\n<p>Ser\u00e3o oferecidas 25 vagas. As inscri\u00e7\u00f5es para a sele\u00e7\u00e3o estar\u00e3o abertas de 28 de novembro at\u00e9 10 de janeiro de 2017 no portal da Enap. No ato da inscri\u00e7\u00e3o o candidato dever\u00e1 anexar um pr\u00e9-projeto e um memorial.<\/p>\n<p>Para mais informa\u00e7\u00f5es, acesse o\u00a0<a href=\"http:\/\/www.enap.gov.br\/web\/pt-br\/governanca-e-desenvolvimento\">Edital\u00a0de abertura para a 1\u00aa turma do Mestrado Profissional em Governan\u00e7a e Desenvolvimento<\/a>.<\/p>\n<p>&nbsp;<\/p>\n","protected":false},"excerpt":{"rendered":"<p>A Escola Nacional de Administra\u00e7\u00e3o P\u00fablica (Enap) abrir\u00e1 a primeira turma do Mestrado Profissional em Governan\u00e7a e Desenvolvimento. O\u00a0edital\u00a0foi lan\u00e7ado nesta sexta-feira (25) e as aulas ter\u00e3o in\u00edcio em 2017. O objetivo, segundo a Enap, \u00e9 dotar a administra\u00e7\u00e3o p\u00fablica federal de compet\u00eancias t\u00e9cnico-pol\u00edticas de gest\u00e3o, por meio da forma\u00e7\u00e3o de servidores p\u00fablicos para um alto desempenho em fun\u00e7\u00f5es estrat\u00e9gicas [&hellip;]<\/p>\n","protected":false},"author":27,"featured_media":0,"comment_status":"open","ping_status":"closed","sticky":false,"template":"","format":"standard","meta":{"footnotes":""},"categories":[2719],"tags":[92,308,4444,4443,1065,4442,424,4340,478,24,58,4445],"class_list":["post-3664","post","type-post","status-publish","format-standard","hentry","category-servidor","tag-edital","tag-enap","tag-estrategicas","tag-formacao","tag-funcoes","tag-governanca-e-desenvolvimento","tag-mestrado","tag-pos-graduacao","tag-profissional","tag-publicos","tag-servidores","tag-stricto-sensu"],"_links":{"self":[{"href":"https:\/\/blogs.correiobraziliense.com.br\/servidor\/wp-json\/wp\/v2\/posts\/3664","targetHints":{"allow":["GET"]}}],"collection":[{"href":"https:\/\/blogs.correiobraziliense.com.br\/servidor\/wp-json\/wp\/v2\/posts"}],"about":[{"href":"https:\/\/blogs.correiobraziliense.com.br\/servidor\/wp-json\/wp\/v2\/types\/post"}],"author":[{"embeddable":true,"href":"https:\/\/blogs.correiobraziliense.com.br\/servidor\/wp-json\/wp\/v2\/users\/27"}],"replies":[{"embeddable":true,"href":"https:\/\/blogs.correiobraziliense.com.br\/servidor\/wp-json\/wp\/v2\/comments?post=3664"}],"version-history":[{"count":1,"href":"https:\/\/blogs.correiobraziliense.com.br\/servidor\/wp-json\/wp\/v2\/posts\/3664\/revisions"}],"predecessor-version":[{"id":3665,"href":"https:\/\/blogs.correiobraziliense.com.br\/servidor\/wp-json\/wp\/v2\/posts\/3664\/revisions\/3665"}],"wp:attachment":[{"href":"https:\/\/blogs.correiobraziliense.com.br\/servidor\/wp-json\/wp\/v2\/media?parent=3664"}],"wp:term":[{"taxonomy":"category","embeddable":true,"href":"https:\/\/blogs.correiobraziliense.com.br\/servidor\/wp-json\/wp\/v2\/categories?post=3664"},{"taxonomy":"post_tag","embeddable":true,"href":"https:\/\/blogs.correiobraziliense.com.br\/servidor\/wp-json\/wp\/v2\/tags?post=3664"}],"curies":[{"name":"wp","href":"https:\/\/api.w.org\/{rel}","templated":true}]}}