{"id":3656,"date":"2016-11-25T17:47:00","date_gmt":"2016-11-25T19:47:00","guid":{"rendered":"https:\/\/blogs.correiobraziliense.com.br\/servidor\/?p=3656"},"modified":"2016-11-25T17:49:59","modified_gmt":"2016-11-25T19:49:59","slug":"receita-federal-esclarece-competencia-no-processo-de-consulta-sobre-fundaf","status":"publish","type":"post","link":"https:\/\/blogs.correiobraziliense.com.br\/servidor\/receita-federal-esclarece-competencia-no-processo-de-consulta-sobre-fundaf\/","title":{"rendered":"Receita Federal esclarece compet\u00eancia no processo de consulta sobre Fundaf"},"content":{"rendered":"<p><em>Ato Declarat\u00f3rio Interpretativo (ADI) n\u00ba 13\/2016 trata de interpreta\u00e7\u00e3o da\u00a0 legisla\u00e7\u00e3o do Fundo Especial de Desenvolvimento e Aperfei\u00e7oamento das Atividades de Fiscaliza\u00e7\u00e3o (Fundaf). Vale ressaltar que \u00e9 este fundo que dever\u00e1 bancar o b\u00f4nus de efici\u00eancia dos servidores da Receita Federal, quando o PL 5.864\/16 passar no Congresso Nacional, com a defini\u00e7\u00e3o do reajuste salarial e da reestrutura\u00e7\u00e3o das carreiras<\/em><\/p>\n<p>Por meio de nota, a Receita Federal informou que o secret\u00e1rio\u00a0 da\u00a0 Receita Federal assinou o ADI n\u00ba 13\/2016 que normatiza o entendimento\u00a0 \u00a0sobre\u00a0 \u00a0as\u00a0 \u00a0consultas\u00a0 \u00a0referentes\u00a0 ao\u00a0 Fundo\u00a0 Especial\u00a0 de Desenvolvimento\u00a0 e Aperfei\u00e7oamento das Atividades de Fiscaliza\u00e7\u00e3o (Fundaf). O ato ser\u00e1 publicado no DOU da pr\u00f3xima segunda-feira.<\/p>\n<p>O Fundaf\u00a0 \u00e9\u00a0 gerido pelo \u00f3rg\u00e3o e tem por finalidade,\u00a0 \u00a0entre\u00a0 \u00a0outras,\u00a0 \u00a0a\u00a0 de\u00a0 ressarcir\u00a0 despesas\u00a0 operacionais\u00a0 e administrativas\u00a0 e\u00a0 de\u00a0 financiar\u00a0 o\u00a0 desenvolvimento e aperfei\u00e7oamento das atividades\u00a0 de\u00a0 fiscaliza\u00e7\u00e3o\u00a0 de\u00a0 tributos\u00a0 federais.\u00a0 D\u00favidas quanto a sua natureza\u00a0 \u00a0e\u00a0 aplica\u00e7\u00e3o\u00a0 s\u00e3o\u00a0 recorrentes\u00a0 e,\u00a0 em\u00a0 regra,\u00a0 os\u00a0 interessados apresentam\u00a0 consulta \u00e0 Receita Federal, gerando diverg\u00eancia no entendimento adotado\u00a0 quanto\u00a0 a\u00a0 compet\u00eancia\u00a0 desta de interpretar ou n\u00e3o a legisla\u00e7\u00e3o e normas afetas ao referido Fundo.<\/p>\n<p>De acordo com a Receita, nos\u00a0 termos\u00a0 da\u00a0 Solu\u00e7\u00e3o\u00a0 de Diverg\u00eancia Cosit n\u00ba 2 de 19 de abril de 2016,\u00a0 que\u00a0 fundamenta o ADI n\u00ba 13, aplica-se ao Fundo e \u00e0s suas receitas o Processo\u00a0 Administrativo\u00a0 de\u00a0 Consulta.\u00a0 Esse\u00a0 entendimento\u00a0 tem por base a correla\u00e7\u00e3o\u00a0 existente\u00a0 entre\u00a0 as atividades pr\u00f3prias da Receita Federal e a gest\u00e3o\u00a0 do Fundaf, tais como interesse na sua arrecada\u00e7\u00e3o, compet\u00eancia para disciplinar sua cobran\u00e7a e determinar regras e procedimentos.<\/p>\n<p>O\u00a0 ADI\u00a0 tem\u00a0 efeito\u00a0 vinculante\u00a0 em\u00a0 rela\u00e7\u00e3o\u00a0 \u00e0s\u00a0 unidades da Receita Federal,\u00a0 \u00a0torna\u00a0 ineficaz\u00a0 a consulta sobre o mesmo assunto e sem efeito a solu\u00e7\u00e3o j\u00e1 produzida que lhe \u00e9 contr\u00e1ria.<\/p>\n<p>&nbsp;<\/p>\n","protected":false},"excerpt":{"rendered":"<p>Ato Declarat\u00f3rio Interpretativo (ADI) n\u00ba 13\/2016 trata de interpreta\u00e7\u00e3o da\u00a0 legisla\u00e7\u00e3o do Fundo Especial de Desenvolvimento e Aperfei\u00e7oamento das Atividades de Fiscaliza\u00e7\u00e3o (Fundaf). Vale ressaltar que \u00e9 este fundo que dever\u00e1 bancar o b\u00f4nus de efici\u00eancia dos servidores da Receita Federal, quando o PL 5.864\/16 passar no Congresso Nacional, com a defini\u00e7\u00e3o do reajuste salarial e da reestrutura\u00e7\u00e3o das carreiras [&hellip;]<\/p>\n","protected":false},"author":27,"featured_media":0,"comment_status":"open","ping_status":"closed","sticky":false,"template":"","format":"standard","meta":{"footnotes":""},"categories":[2719],"tags":[4434,4435,463,231,2852,1422,3355,235,1033,445,2101,940,4079,4433,3209,1157,63,294,1376,1050,58],"class_list":["post-3656","post","type-post","status-publish","format-standard","hentry","category-servidor","tag-administrativas","tag-aperfeicoamento","tag-atividades","tag-bonus","tag-competencia","tag-consulta","tag-desenvolvimento","tag-despesas","tag-eficiencia","tag-esclarece","tag-financiar","tag-fiscalizacao","tag-fundaf","tag-operacionais","tag-pl-5-86416","tag-processo","tag-reajuste","tag-receita-federal","tag-reestruturacao","tag-ressarcir","tag-servidores"],"_links":{"self":[{"href":"https:\/\/blogs.correiobraziliense.com.br\/servidor\/wp-json\/wp\/v2\/posts\/3656","targetHints":{"allow":["GET"]}}],"collection":[{"href":"https:\/\/blogs.correiobraziliense.com.br\/servidor\/wp-json\/wp\/v2\/posts"}],"about":[{"href":"https:\/\/blogs.correiobraziliense.com.br\/servidor\/wp-json\/wp\/v2\/types\/post"}],"author":[{"embeddable":true,"href":"https:\/\/blogs.correiobraziliense.com.br\/servidor\/wp-json\/wp\/v2\/users\/27"}],"replies":[{"embeddable":true,"href":"https:\/\/blogs.correiobraziliense.com.br\/servidor\/wp-json\/wp\/v2\/comments?post=3656"}],"version-history":[{"count":3,"href":"https:\/\/blogs.correiobraziliense.com.br\/servidor\/wp-json\/wp\/v2\/posts\/3656\/revisions"}],"predecessor-version":[{"id":3659,"href":"https:\/\/blogs.correiobraziliense.com.br\/servidor\/wp-json\/wp\/v2\/posts\/3656\/revisions\/3659"}],"wp:attachment":[{"href":"https:\/\/blogs.correiobraziliense.com.br\/servidor\/wp-json\/wp\/v2\/media?parent=3656"}],"wp:term":[{"taxonomy":"category","embeddable":true,"href":"https:\/\/blogs.correiobraziliense.com.br\/servidor\/wp-json\/wp\/v2\/categories?post=3656"},{"taxonomy":"post_tag","embeddable":true,"href":"https:\/\/blogs.correiobraziliense.com.br\/servidor\/wp-json\/wp\/v2\/tags?post=3656"}],"curies":[{"name":"wp","href":"https:\/\/api.w.org\/{rel}","templated":true}]}}