{"id":3637,"date":"2016-11-23T17:37:09","date_gmt":"2016-11-23T19:37:09","guid":{"rendered":"https:\/\/blogs.correiobraziliense.com.br\/servidor\/?p=3637"},"modified":"2016-11-23T17:37:09","modified_gmt":"2016-11-23T19:37:09","slug":"fenajud-convoca-judiciario-para-greve-geral","status":"publish","type":"post","link":"https:\/\/blogs.correiobraziliense.com.br\/servidor\/fenajud-convoca-judiciario-para-greve-geral\/","title":{"rendered":"Fenajud convoca Judici\u00e1rio para greve geral"},"content":{"rendered":"<p><i>Atos acontecer\u00e3o na maioria dos estados. Mobiliza\u00e7\u00f5es ser\u00e3o nas ruas, comarcas e f\u00f3runs<\/i><\/p>\n<p>A Federa\u00e7\u00e3o Nacional dos Servidores do Judici\u00e1rio nos Estados (Fenajud) convocou todos os vinte e dois sindicatos filiados para a paralisa\u00e7\u00e3o nacional, contra a retirada de direitos, a ser realizada nesta sexta-feira (25). O ato vai acontecer na maioria dos estados, com ades\u00e3o de diversos munic\u00edpios. As mobiliza\u00e7\u00f5es ser\u00e3o nas ruas, comarcas e f\u00f3runs.<\/p>\n<p>O objetivo da Federa\u00e7\u00e3o \u00e9 mobilizar toda sociedade contra a retirada de direitos imposta pelo governo de Michel Temer. \u201cTodos os nossos 22 sindicatos v\u00e3o \u00e0s ruas. Vamos mobilizar os servidores e mostrar todos os pontos que retiram direitos da categoria, n\u00e3o aceitamos nenhum direito a menos\u201d.<\/p>\n<p>De acordo com a diretoria da Federa\u00e7\u00e3o, o objetivo \u00e9 unir toda a categoria para lutar em defesa da sa\u00fade e da educa\u00e7\u00e3o, al\u00e9m dos projetos que reduzem os investimentos no setor, como a PEC 55 (antiga 241). \u201cN\u00f3s vamos as ruas lutar tamb\u00e9m contra a Reforma do Ensino M\u00e9dio; em defesa dos direitos dos trabalhadores: contra a Reforma Trabalhista; em defesa da aposentadoria: contra a Reforma da Previd\u00eancia; em defesa do emprego: redu\u00e7\u00e3o da jornada de trabalho sem redu\u00e7\u00e3o salarial\u201d.<\/p>\n","protected":false},"excerpt":{"rendered":"<p>Atos acontecer\u00e3o na maioria dos estados. Mobiliza\u00e7\u00f5es ser\u00e3o nas ruas, comarcas e f\u00f3runs A Federa\u00e7\u00e3o Nacional dos Servidores do Judici\u00e1rio nos Estados (Fenajud) convocou todos os vinte e dois sindicatos filiados para a paralisa\u00e7\u00e3o nacional, contra a retirada de direitos, a ser realizada nesta sexta-feira (25). O ato vai acontecer na maioria dos estados, com ades\u00e3o de diversos munic\u00edpios. As [&hellip;]<\/p>\n","protected":false},"author":27,"featured_media":0,"comment_status":"open","ping_status":"closed","sticky":false,"template":"","format":"standard","meta":{"footnotes":""},"categories":[2719],"tags":[4410,255,943,4409,4411,2907,15,64,497,70,506],"class_list":["post-3637","post","type-post","status-publish","format-standard","hentry","category-servidor","tag-comarcas","tag-convoca","tag-estados","tag-fenajud","tag-foruns","tag-geral","tag-greve","tag-judiciario","tag-mobilizacoes","tag-nacional","tag-paralisacao"],"_links":{"self":[{"href":"https:\/\/blogs.correiobraziliense.com.br\/servidor\/wp-json\/wp\/v2\/posts\/3637","targetHints":{"allow":["GET"]}}],"collection":[{"href":"https:\/\/blogs.correiobraziliense.com.br\/servidor\/wp-json\/wp\/v2\/posts"}],"about":[{"href":"https:\/\/blogs.correiobraziliense.com.br\/servidor\/wp-json\/wp\/v2\/types\/post"}],"author":[{"embeddable":true,"href":"https:\/\/blogs.correiobraziliense.com.br\/servidor\/wp-json\/wp\/v2\/users\/27"}],"replies":[{"embeddable":true,"href":"https:\/\/blogs.correiobraziliense.com.br\/servidor\/wp-json\/wp\/v2\/comments?post=3637"}],"version-history":[{"count":1,"href":"https:\/\/blogs.correiobraziliense.com.br\/servidor\/wp-json\/wp\/v2\/posts\/3637\/revisions"}],"predecessor-version":[{"id":3638,"href":"https:\/\/blogs.correiobraziliense.com.br\/servidor\/wp-json\/wp\/v2\/posts\/3637\/revisions\/3638"}],"wp:attachment":[{"href":"https:\/\/blogs.correiobraziliense.com.br\/servidor\/wp-json\/wp\/v2\/media?parent=3637"}],"wp:term":[{"taxonomy":"category","embeddable":true,"href":"https:\/\/blogs.correiobraziliense.com.br\/servidor\/wp-json\/wp\/v2\/categories?post=3637"},{"taxonomy":"post_tag","embeddable":true,"href":"https:\/\/blogs.correiobraziliense.com.br\/servidor\/wp-json\/wp\/v2\/tags?post=3637"}],"curies":[{"name":"wp","href":"https:\/\/api.w.org\/{rel}","templated":true}]}}