{"id":3635,"date":"2016-11-23T15:20:16","date_gmt":"2016-11-23T17:20:16","guid":{"rendered":"https:\/\/blogs.correiobraziliense.com.br\/servidor\/?p=3635"},"modified":"2016-11-23T15:20:16","modified_gmt":"2016-11-23T17:20:16","slug":"instituido-grupo-de-trabalho-para-analisar-os-salarios-dos-magistrados","status":"publish","type":"post","link":"https:\/\/blogs.correiobraziliense.com.br\/servidor\/instituido-grupo-de-trabalho-para-analisar-os-salarios-dos-magistrados\/","title":{"rendered":"Institu\u00eddo grupo de trabalho para analisar os sal\u00e1rios dos magistrados"},"content":{"rendered":"<p>A Corregedoria Nacional de Justi\u00e7a instituiu grupo de trabalho para analisar os vencimentos e vantagens concedidas aos magistrados de primeiro e segundo graus, em todos os ramos de Justi\u00e7a, exce\u00e7\u00e3o da Justi\u00e7a Eleitoral. O objetivo \u00e9 propor mecanismos de transpar\u00eancia e de controle pelo Conselho Nacional de Justi\u00e7a (CNJ).<\/p>\n<p>A determina\u00e7\u00e3o, segundo a Portaria 41, publicada nesta quarta-feira (23\/11) no Di\u00e1rio de Justi\u00e7a, deve-se a not\u00edcias de pagamentos de magistrados acima do teto previsto na Constitui\u00e7\u00e3o Federal, a d\u00favidas sobre a legalidade desses pagamentos, e a necessidade de cumprimento da Resolu\u00e7\u00e3o n\u00ba 13, do CNJ, que regulamenta os sal\u00e1rios dos magistrados e de uniformiza\u00e7\u00e3o das rubricas pagas aos magistrados.<\/p>\n<p>O grupo de trabalho ser\u00e1 composto pela\u00a0ju\u00edza Federal Candice Lavocat Galv\u00e3o Jobim, como coordenadora; o\u00a0juiz do Trabalho Giovanni Olsson; o juiz de Direito M\u00e1rcio Evangelista Ferreira da Silva; e os ju\u00edzes federais\u00a0Jos\u00e9 M\u00e1rcio da Silveira e Silva e\u00a0Frederico Jos\u00e9 Pinto de Azevedo.<\/p>\n<p>Acesse\u00a0<strong><a href=\"http:\/\/www.cnj.jus.br\/index.php?subid=245707&amp;option=com_acymailing&amp;ctrl=url&amp;urlid=1830&amp;mailid=9396\" target=\"_blank\">aqui<\/a><\/strong>\u00a0a \u00edntegra da Portaria 41.<\/p>\n","protected":false},"excerpt":{"rendered":"<p>A Corregedoria Nacional de Justi\u00e7a instituiu grupo de trabalho para analisar os vencimentos e vantagens concedidas aos magistrados de primeiro e segundo graus, em todos os ramos de Justi\u00e7a, exce\u00e7\u00e3o da Justi\u00e7a Eleitoral. O objetivo \u00e9 propor mecanismos de transpar\u00eancia e de controle pelo Conselho Nacional de Justi\u00e7a (CNJ). A determina\u00e7\u00e3o, segundo a Portaria 41, publicada nesta quarta-feira (23\/11) no [&hellip;]<\/p>\n","protected":false},"author":27,"featured_media":0,"comment_status":"open","ping_status":"closed","sticky":false,"template":"","format":"standard","meta":{"footnotes":""},"categories":[2719],"tags":[4405,254,207,3309,260,4408,621,4407,30,261,168,4406,2926],"class_list":["post-3635","post","type-post","status-publish","format-standard","hentry","category-servidor","tag-analisar","tag-cnj","tag-controle","tag-grupo","tag-justica","tag-legalidade","tag-magistrados","tag-mecanismos","tag-salarios","tag-trabalho","tag-transparencia","tag-vantgens","tag-vencimentos"],"_links":{"self":[{"href":"https:\/\/blogs.correiobraziliense.com.br\/servidor\/wp-json\/wp\/v2\/posts\/3635","targetHints":{"allow":["GET"]}}],"collection":[{"href":"https:\/\/blogs.correiobraziliense.com.br\/servidor\/wp-json\/wp\/v2\/posts"}],"about":[{"href":"https:\/\/blogs.correiobraziliense.com.br\/servidor\/wp-json\/wp\/v2\/types\/post"}],"author":[{"embeddable":true,"href":"https:\/\/blogs.correiobraziliense.com.br\/servidor\/wp-json\/wp\/v2\/users\/27"}],"replies":[{"embeddable":true,"href":"https:\/\/blogs.correiobraziliense.com.br\/servidor\/wp-json\/wp\/v2\/comments?post=3635"}],"version-history":[{"count":1,"href":"https:\/\/blogs.correiobraziliense.com.br\/servidor\/wp-json\/wp\/v2\/posts\/3635\/revisions"}],"predecessor-version":[{"id":3636,"href":"https:\/\/blogs.correiobraziliense.com.br\/servidor\/wp-json\/wp\/v2\/posts\/3635\/revisions\/3636"}],"wp:attachment":[{"href":"https:\/\/blogs.correiobraziliense.com.br\/servidor\/wp-json\/wp\/v2\/media?parent=3635"}],"wp:term":[{"taxonomy":"category","embeddable":true,"href":"https:\/\/blogs.correiobraziliense.com.br\/servidor\/wp-json\/wp\/v2\/categories?post=3635"},{"taxonomy":"post_tag","embeddable":true,"href":"https:\/\/blogs.correiobraziliense.com.br\/servidor\/wp-json\/wp\/v2\/tags?post=3635"}],"curies":[{"name":"wp","href":"https:\/\/api.w.org\/{rel}","templated":true}]}}