{"id":3633,"date":"2016-11-23T15:17:43","date_gmt":"2016-11-23T17:17:43","guid":{"rendered":"https:\/\/blogs.correiobraziliense.com.br\/servidor\/?p=3633"},"modified":"2016-11-23T15:17:43","modified_gmt":"2016-11-23T17:17:43","slug":"metalurgicos-da-regiao-param-nesta-sexta-em-aquecimento-greve-geral","status":"publish","type":"post","link":"https:\/\/blogs.correiobraziliense.com.br\/servidor\/metalurgicos-da-regiao-param-nesta-sexta-em-aquecimento-greve-geral\/","title":{"rendered":"Metal\u00fargicos da regi\u00e3o param nesta sexta em \u201caquecimento\u201d \u00e0 Greve Geral"},"content":{"rendered":"<p><i>Em dia de protestos em todo o pa\u00eds, haver\u00e1 mobiliza\u00e7\u00f5es nas f\u00e1bricas e ato unificado na Pra\u00e7a Afonso Pena. As manifesta\u00e7\u00f5es est\u00e3o sendo convocadas pela CSP-Conlutas, CUT, For\u00e7a Sindical, UGT, Nova Central Sindical, Intersindical, CGTB e CTB. Al\u00e9m dos metal\u00fargicos, na regi\u00e3o j\u00e1 est\u00e1 confirmada a participa\u00e7\u00e3o de qu\u00edmicos, petroleiros, servidores municipais, condutores, vidreiros, aposentados e trabalhadores dos Correios e do setor de alimenta\u00e7\u00e3o.<br \/>\n<\/i><\/p>\n<p>Os metal\u00fargicos de S\u00e3o Jos\u00e9 dos Campos e regi\u00e3o ir\u00e3o se unir a outras categorias, nesta sexta-feira, dia 25, para protestar contra as reformas programadas pelo governo de Michel Temer (PMDB). Este Dia Nacional de Paralisa\u00e7\u00f5es e Greves ser\u00e1 um primeiro passo rumo \u00e0 Greve Geral a ser deflagrada no Pa\u00eds em 2017.<\/p>\n<p>&#8220;Os trabalhadores pretendem pressionar o governo Temer e o Congresso Nacional a derrubarem as reformas trabalhista e previdenci\u00e1ria e a Proposta de Emenda Constitucional (PEC) 55, que prev\u00ea o congelamento dos gastos p\u00fablicos por 20 anos. Tamb\u00e9m estar\u00e1 em pauta a reivindica\u00e7\u00e3o da redu\u00e7\u00e3o da jornada de trabalho sem redu\u00e7\u00e3o de sal\u00e1rio como forma de gera\u00e7\u00e3o de emprego em todo o Pa\u00eds&#8221;, informou Sindicato dos Metal\u00fargicos da S\u00e3o Jos\u00e9 dos Campos.<\/p>\n<p>As manifesta\u00e7\u00f5es est\u00e3o sendo convocadas pela CSP-Conlutas, CUT, For\u00e7a Sindical, UGT, Nova Central Sindical, Intersindical, CGTB e CTB.<\/p>\n<p>Al\u00e9m dos metal\u00fargicos, na regi\u00e3o j\u00e1 est\u00e1 confirmada a participa\u00e7\u00e3o de qu\u00edmicos, petroleiros, servidores municipais, condutores, vidreiros, aposentados e trabalhadores dos Correios e do setor de alimenta\u00e7\u00e3o.<\/p>\n<p>Haver\u00e1 paralisa\u00e7\u00f5es nas f\u00e1bricas pela manh\u00e3 e um ato unificado dessas categorias, na Pra\u00e7a Afonso Pena, centro de S\u00e3o Jos\u00e9 dos Campos, \u00e0s 10h.<\/p>\n<p><strong>Mobiliza\u00e7\u00f5es em todo o Pa\u00eds<\/strong><\/p>\n<p>Assim como em S\u00e3o Jos\u00e9 dos Campos, est\u00e3o previstas manifesta\u00e7\u00f5es em cidades de S\u00e3o Paulo, Rio de Janeiro, Minas Gerais, Alagoas, Cear\u00e1, Maranh\u00e3o, Par\u00e1, Para\u00edba, Pernambuco e Piau\u00ed.<\/p>\n<p>Nos estados, haver\u00e1 ades\u00e3o de setores da educa\u00e7\u00e3o, servidores p\u00fablicos, trabalhadores dos transportes, metal\u00fargicos, oper\u00e1rios da constru\u00e7\u00e3o civil, petroleiros, qu\u00edmicos, al\u00e9m de movimentos populares e estudantis.<\/p>\n<p>\u201cEstamos somando nossas for\u00e7as para construir a Greve Geral e impedir que o governo conclua sua tentativa de acabar com direitos dos trabalhadores e precarize ainda mais os servi\u00e7os p\u00fablicos com o congelamento dos gastos. O Dia Nacional de Paralisa\u00e7\u00f5es vai ser uma resposta da classe trabalhadora aos ataques do governo e do Congresso Nacional\u201d, afirma o presidente do Sindicato dos Metal\u00fargicos de S\u00e3o Jos\u00e9 dos Campos, Ant\u00f4nio Ferreira de Barros, o Macap\u00e1.<\/p>\n<p>&nbsp;<\/p>\n","protected":false},"excerpt":{"rendered":"<p>Em dia de protestos em todo o pa\u00eds, haver\u00e1 mobiliza\u00e7\u00f5es nas f\u00e1bricas e ato unificado na Pra\u00e7a Afonso Pena. As manifesta\u00e7\u00f5es est\u00e3o sendo convocadas pela CSP-Conlutas, CUT, For\u00e7a Sindical, UGT, Nova Central Sindical, Intersindical, CGTB e CTB. Al\u00e9m dos metal\u00fargicos, na regi\u00e3o j\u00e1 est\u00e1 confirmada a participa\u00e7\u00e3o de qu\u00edmicos, petroleiros, servidores municipais, condutores, vidreiros, aposentados e trabalhadores dos Correios e [&hellip;]<\/p>\n","protected":false},"author":27,"featured_media":0,"comment_status":"open","ping_status":"closed","sticky":false,"template":"","format":"standard","meta":{"footnotes":""},"categories":[2719],"tags":[4403,1259,4404,2907,98,15,1734,128,497,4402,2385,1893,1260],"class_list":["post-3633","post","type-post","status-publish","format-standard","hentry","category-servidor","tag-aquecimento","tag-centrais","tag-fabricas","tag-geral","tag-governo","tag-greve","tag-manifestacoes","tag-metalurgicos","tag-mobilizacoes","tag-parem","tag-pressionar","tag-reformas","tag-sindicais"],"_links":{"self":[{"href":"https:\/\/blogs.correiobraziliense.com.br\/servidor\/wp-json\/wp\/v2\/posts\/3633","targetHints":{"allow":["GET"]}}],"collection":[{"href":"https:\/\/blogs.correiobraziliense.com.br\/servidor\/wp-json\/wp\/v2\/posts"}],"about":[{"href":"https:\/\/blogs.correiobraziliense.com.br\/servidor\/wp-json\/wp\/v2\/types\/post"}],"author":[{"embeddable":true,"href":"https:\/\/blogs.correiobraziliense.com.br\/servidor\/wp-json\/wp\/v2\/users\/27"}],"replies":[{"embeddable":true,"href":"https:\/\/blogs.correiobraziliense.com.br\/servidor\/wp-json\/wp\/v2\/comments?post=3633"}],"version-history":[{"count":1,"href":"https:\/\/blogs.correiobraziliense.com.br\/servidor\/wp-json\/wp\/v2\/posts\/3633\/revisions"}],"predecessor-version":[{"id":3634,"href":"https:\/\/blogs.correiobraziliense.com.br\/servidor\/wp-json\/wp\/v2\/posts\/3633\/revisions\/3634"}],"wp:attachment":[{"href":"https:\/\/blogs.correiobraziliense.com.br\/servidor\/wp-json\/wp\/v2\/media?parent=3633"}],"wp:term":[{"taxonomy":"category","embeddable":true,"href":"https:\/\/blogs.correiobraziliense.com.br\/servidor\/wp-json\/wp\/v2\/categories?post=3633"},{"taxonomy":"post_tag","embeddable":true,"href":"https:\/\/blogs.correiobraziliense.com.br\/servidor\/wp-json\/wp\/v2\/tags?post=3633"}],"curies":[{"name":"wp","href":"https:\/\/api.w.org\/{rel}","templated":true}]}}