{"id":3631,"date":"2016-11-23T14:51:54","date_gmt":"2016-11-23T16:51:54","guid":{"rendered":"https:\/\/blogs.correiobraziliense.com.br\/servidor\/?p=3631"},"modified":"2016-11-23T14:51:54","modified_gmt":"2016-11-23T16:51:54","slug":"fenapef-e-sindipoldf-reunem-policiais-eleitos-e-lancam-projeto-para-formar-representantes-no-congresso","status":"publish","type":"post","link":"https:\/\/blogs.correiobraziliense.com.br\/servidor\/fenapef-e-sindipoldf-reunem-policiais-eleitos-e-lancam-projeto-para-formar-representantes-no-congresso\/","title":{"rendered":"Fenapef e Sindipol\/DF re\u00fanem policiais eleitos e lan\u00e7am projeto para formar representantes no Congresso"},"content":{"rendered":"<p><em>A Federa\u00e7\u00e3o Nacional dos Policiais Federais (Fenapef), em parceria com o Sindicato dos Policiais Federais (Sindipol\/DF), fez ontem o I Encontro Nacional dos Policiais Federais, na sede do sindicato, com federais que se elegeram neste ano vereadores, vice-prefeito e prefeitos. Tamb\u00e9m foi criado o Pr\u00eamio Sindipol\/DF de Jornalismo, para mat\u00e9rias sobre seguran\u00e7a nacional publicadas a partir de 2017<\/em><\/p>\n<p>O evento inaugura um projeto ambicioso, segundo os federais. Embalado com a proje\u00e7\u00e3o que a Opera\u00e7\u00e3o Lava Jato proporcionou \u00e0 carreira, 21 agentes, escriv\u00e3es e papiloscopistas foram bem-sucedidos nas elei\u00e7\u00f5es municipais, sendo 14 vereadores, 6 prefeitos e 2 vice-prefeitos, quase que triplicando a representatividade da categoria na esfera municipal.<\/p>\n<p>O presidente da Fenapef, Lu\u00eds Ant\u00f4nio Boudens, disse que o resultado permite projetar saltos maiores: a forma\u00e7\u00e3o de uma bancada federal em 2018, com a hip\u00f3tese do lan\u00e7amento de um nome para o Senado. Atualmente a categoria j\u00e1 conta com 4 Deputados: 2 Federais e 2 Estaduais.<\/p>\n<p>A meta \u00e9 integrar os vereadores e prefeitos eleitos e compartilhar programas sociais voltados para a seguran\u00e7a p\u00fablica, aproximando os novos representantes municipais da popula\u00e7\u00e3o e defendendo a bandeira do combate \u00e0 corrup\u00e7\u00e3o.<\/p>\n<p>O vice-presidente da Fenapef e presidente do Sindipol\/DF, Fl\u00e1vio Werneck afirma que o bom resultado dessas elei\u00e7\u00f5es se d\u00e1 pelo reconhecimento da popula\u00e7\u00e3o brasileira \u00e0 dedica\u00e7\u00e3o e ao profissionalismo que os policiais federais demonstraram no combate ao crime organizado, \u00e0 corrup\u00e7\u00e3o e \u00e0 impunidade. Ele afirmou que \u00e9 preciso continuar lutando por melhorias para a sociedade e por melhores condi\u00e7\u00f5es de trabalho para os policiais. \u201cVamos \u00e0 luta, vamos comemorar o dia de hoje e fazer o que n\u00f3s estamos aprendendo a fazer: a boa pol\u00edtica no pa\u00eds\u201d, disse Fl\u00e1vio Werneck.<\/p>\n<p><em><strong>Pr\u00eamio de Jornalismo<\/strong><\/em><\/p>\n<p>As melhores mat\u00e9rias publicadas em 2017, segundo Fl\u00e1vio Werneck, ser\u00e3o premiadas no Dia do Policial Federal, comemorado em 16 de novembro. O regulamento estar\u00e1 disponivel no site do Sindipol\/DF http:\/\/sindipoldf.org.br\/<\/p>\n","protected":false},"excerpt":{"rendered":"<p>A Federa\u00e7\u00e3o Nacional dos Policiais Federais (Fenapef), em parceria com o Sindicato dos Policiais Federais (Sindipol\/DF), fez ontem o I Encontro Nacional dos Policiais Federais, na sede do sindicato, com federais que se elegeram neste ano vereadores, vice-prefeito e prefeitos. Tamb\u00e9m foi criado o Pr\u00eamio Sindipol\/DF de Jornalismo, para mat\u00e9rias sobre seguran\u00e7a nacional publicadas a partir de 2017 O evento [&hellip;]<\/p>\n","protected":false},"author":27,"featured_media":0,"comment_status":"open","ping_status":"closed","sticky":false,"template":"","format":"standard","meta":{"footnotes":""},"categories":[2719],"tags":[4401,100,3416,4397,59,107,4399,4400,70,110,3687,69,101,147,1765,208,1114,1047,4398],"class_list":["post-3631","post","type-post","status-publish","format-standard","hentry","category-servidor","tag-bancada","tag-congresso","tag-crime","tag-eleitos","tag-federais","tag-fenapef","tag-jornalismo","tag-materias","tag-nacional","tag-policiais","tag-prefeitos","tag-premio","tag-projeto","tag-publica","tag-representantes","tag-seguranca","tag-sindipoldf","tag-vereadores","tag-vice-prefeito"],"_links":{"self":[{"href":"https:\/\/blogs.correiobraziliense.com.br\/servidor\/wp-json\/wp\/v2\/posts\/3631","targetHints":{"allow":["GET"]}}],"collection":[{"href":"https:\/\/blogs.correiobraziliense.com.br\/servidor\/wp-json\/wp\/v2\/posts"}],"about":[{"href":"https:\/\/blogs.correiobraziliense.com.br\/servidor\/wp-json\/wp\/v2\/types\/post"}],"author":[{"embeddable":true,"href":"https:\/\/blogs.correiobraziliense.com.br\/servidor\/wp-json\/wp\/v2\/users\/27"}],"replies":[{"embeddable":true,"href":"https:\/\/blogs.correiobraziliense.com.br\/servidor\/wp-json\/wp\/v2\/comments?post=3631"}],"version-history":[{"count":1,"href":"https:\/\/blogs.correiobraziliense.com.br\/servidor\/wp-json\/wp\/v2\/posts\/3631\/revisions"}],"predecessor-version":[{"id":3632,"href":"https:\/\/blogs.correiobraziliense.com.br\/servidor\/wp-json\/wp\/v2\/posts\/3631\/revisions\/3632"}],"wp:attachment":[{"href":"https:\/\/blogs.correiobraziliense.com.br\/servidor\/wp-json\/wp\/v2\/media?parent=3631"}],"wp:term":[{"taxonomy":"category","embeddable":true,"href":"https:\/\/blogs.correiobraziliense.com.br\/servidor\/wp-json\/wp\/v2\/categories?post=3631"},{"taxonomy":"post_tag","embeddable":true,"href":"https:\/\/blogs.correiobraziliense.com.br\/servidor\/wp-json\/wp\/v2\/tags?post=3631"}],"curies":[{"name":"wp","href":"https:\/\/api.w.org\/{rel}","templated":true}]}}