{"id":3629,"date":"2016-11-23T14:24:10","date_gmt":"2016-11-23T16:24:10","guid":{"rendered":"https:\/\/blogs.correiobraziliense.com.br\/servidor\/?p=3629"},"modified":"2016-11-23T14:24:10","modified_gmt":"2016-11-23T16:24:10","slug":"banca-publica-resultado-final-do-concurso-para-procurador-da-fazenda-nacional","status":"publish","type":"post","link":"https:\/\/blogs.correiobraziliense.com.br\/servidor\/banca-publica-resultado-final-do-concurso-para-procurador-da-fazenda-nacional\/","title":{"rendered":"Banca publica resultado final do concurso para procurador da Fazenda Nacional"},"content":{"rendered":"<p><em>A nomea<\/em><em>\u00e7\u00e3<\/em><em>o e posse da primeira chamada devem ocorrer ainda este ano. Est\u00e1 prevista para hoje a convoca\u00e7\u00e3o para apresentar documentos e escolha de vagas<br \/>\n<\/em><\/p>\n<p>O resultado final do concurso para Procurador da Fazenda Nacional, realizado no dia 20 de setembro de 2015, em todas as capitais e no Distrito Federal, foi divulgado no \u201cDi\u00e1rio Oficial da Uni\u00e3o\u201d de segunda-feira (21).\u00a0De acordo com cronograma divulgado pela Procuradoria-Geral da Fazenda Nacional (PGFN), a nomea\u00e7\u00e3o ser\u00e1 realizada nesta quarta-feira (23).<\/p>\n<p>Segundo a Escola de Administra\u00e7\u00e3o Fazend\u00e1ria (Esaf), empresa respons\u00e1vel pela organiza\u00e7\u00e3o do certame, a lista divulgada traz a rela\u00e7\u00e3o completa dos candidatos aprovados e classificados dentro do n\u00famero de vagas estabelecido e tamb\u00e9m a rela\u00e7\u00e3o de candidatos que n\u00e3o se classificaram dentro do n\u00famero de vagas. Os candidatos que n\u00e3o est\u00e3o nas listas s\u00e3o considerados reprovados.<\/p>\n<p>Para o presidente da Anafe, Marcelino Rodrigues, a finaliza\u00e7\u00e3o do concurso \u00e9 um grande passo para a PGFN, pois existe uma grande defasagem nos quadros da institui\u00e7\u00e3o. \u201cEstamos trabalhando para que seja feita a nomea\u00e7\u00e3o imediata de todos os aprovados nos concursos para a Advocacia P\u00fablica Federal. Temos muitos colegas com sobrecarga de trabalho e isso se deve tamb\u00e9m ao d\u00e9ficit de pessoal\u201d, ressalta.<\/p>\n<p><strong>CRONOGRAMA DE NOMEA<\/strong><strong>\u00c7\u00c3<\/strong><strong>O E POSSE<\/strong><\/p>\n<p>A Procuradoria-Geral da Fazenda Nacional (PGFN) publicou, no \u00faltimo dia 17 de novembro, o cronograma prov\u00e1vel das pr\u00f3ximas etapas do concurso, al\u00e9m de algumas orienta\u00e7\u00f5es aos candidatos. Confira abaixo:<\/p>\n<table width=\"574\">\n<tbody>\n<tr>\n<td width=\"125\"><strong>Data Prov<\/strong><strong>\u00e1<\/strong><strong>vel<\/strong><\/td>\n<td width=\"449\"><strong>Atividade<\/strong><\/td>\n<\/tr>\n<tr>\n<td width=\"125\">21\/11\/2016<\/td>\n<td width=\"449\">Publica\u00e7\u00e3o do resultado final do concurso (ESAF).<\/td>\n<\/tr>\n<tr>\n<td width=\"125\">23\/11\/2013<\/td>\n<td width=\"449\">Publica\u00e7\u00e3o das nomea\u00e7\u00f5es, convoca\u00e7\u00e3o para apresentar documentos e convoca\u00e7\u00e3o para realizar escolha de vagas.<\/td>\n<\/tr>\n<tr>\n<td width=\"125\">28\/11\/2016<\/td>\n<td width=\"449\">Prazo limite para envio dos documentos para a posse e realiza\u00e7\u00e3o da escolha de vagas.<\/td>\n<\/tr>\n<tr>\n<td width=\"125\">30\/11\/2016<\/td>\n<td width=\"449\">Divulga\u00e7\u00e3o do resultado pr\u00e9vio da escolha de vagas; ePrazo limite para solicitar e encaminhar documentos para emiss\u00e3o da Certifica\u00e7\u00e3o Digital (Token).<\/td>\n<\/tr>\n<tr>\n<td width=\"125\">05\/12\/2016<\/td>\n<td width=\"449\">Cerim\u00f4nia de posse.<\/td>\n<\/tr>\n<tr>\n<td width=\"125\">05 a 08\/12\/2016<\/td>\n<td width=\"449\">Curso de ambienta\u00e7\u00e3o dos novos Procuradores.<\/td>\n<\/tr>\n<\/tbody>\n<\/table>\n<p><a href=\"http:\/\/www.pgfn.fazenda.gov.br\/noticias_carrossel\/concurso-de-ingresso-pfn-2016-2013-orientacoes-para-posse\">Clique aqui<\/a> e confira as orienta\u00e7\u00f5es da PGFN para os aprovados.<\/p>\n<p><strong>Concurso<\/strong><\/p>\n<p>Foram oferecidas 150 vagas para o cargo de procurador da Fazenda Nacional de 2\u00aa categoria, com sal\u00e1rio de R$ 17.330,33. O concurso ter\u00e1 validade de um ano e poder\u00e1 ser prorrogado.<\/p>\n<p>A sele\u00e7\u00e3o foi feita por meio de prova objetiva, prova discursiva I, II e III, prova oral, t\u00edtulos e sindic\u00e2ncia de vida pregressa.<\/p>\n<p><a href=\"http:\/\/pesquisa.in.gov.br\/imprensa\/jsp\/visualiza\/index.jsp?data=21\/11\/2016&amp;jornal=3&amp;pagina=90&amp;totalArquivos=248\">Clique aqui<\/a> e confira a lista dos aprovados.<\/p>\n","protected":false},"excerpt":{"rendered":"<p>A nomea\u00e7\u00e3o e posse da primeira chamada devem ocorrer ainda este ano. Est\u00e1 prevista para hoje a convoca\u00e7\u00e3o para apresentar documentos e escolha de vagas O resultado final do concurso para Procurador da Fazenda Nacional, realizado no dia 20 de setembro de 2015, em todas as capitais e no Distrito Federal, foi divulgado no \u201cDi\u00e1rio Oficial da Uni\u00e3o\u201d de segunda-feira [&hellip;]<\/p>\n","protected":false},"author":27,"featured_media":0,"comment_status":"open","ping_status":"closed","sticky":false,"template":"","format":"standard","meta":{"footnotes":""},"categories":[2719],"tags":[2727,4396,93,704,3210,4395,4394,284,868,3628,2508],"class_list":["post-3629","post","type-post","status-publish","format-standard","hentry","category-servidor","tag-banca","tag-chamada","tag-concurso","tag-convocacao","tag-esaf","tag-fazenda-nacional","tag-final","tag-pgfn","tag-posse","tag-procurador","tag-resultado"],"_links":{"self":[{"href":"https:\/\/blogs.correiobraziliense.com.br\/servidor\/wp-json\/wp\/v2\/posts\/3629","targetHints":{"allow":["GET"]}}],"collection":[{"href":"https:\/\/blogs.correiobraziliense.com.br\/servidor\/wp-json\/wp\/v2\/posts"}],"about":[{"href":"https:\/\/blogs.correiobraziliense.com.br\/servidor\/wp-json\/wp\/v2\/types\/post"}],"author":[{"embeddable":true,"href":"https:\/\/blogs.correiobraziliense.com.br\/servidor\/wp-json\/wp\/v2\/users\/27"}],"replies":[{"embeddable":true,"href":"https:\/\/blogs.correiobraziliense.com.br\/servidor\/wp-json\/wp\/v2\/comments?post=3629"}],"version-history":[{"count":1,"href":"https:\/\/blogs.correiobraziliense.com.br\/servidor\/wp-json\/wp\/v2\/posts\/3629\/revisions"}],"predecessor-version":[{"id":3630,"href":"https:\/\/blogs.correiobraziliense.com.br\/servidor\/wp-json\/wp\/v2\/posts\/3629\/revisions\/3630"}],"wp:attachment":[{"href":"https:\/\/blogs.correiobraziliense.com.br\/servidor\/wp-json\/wp\/v2\/media?parent=3629"}],"wp:term":[{"taxonomy":"category","embeddable":true,"href":"https:\/\/blogs.correiobraziliense.com.br\/servidor\/wp-json\/wp\/v2\/categories?post=3629"},{"taxonomy":"post_tag","embeddable":true,"href":"https:\/\/blogs.correiobraziliense.com.br\/servidor\/wp-json\/wp\/v2\/tags?post=3629"}],"curies":[{"name":"wp","href":"https:\/\/api.w.org\/{rel}","templated":true}]}}