{"id":3625,"date":"2016-11-23T12:22:36","date_gmt":"2016-11-23T14:22:36","guid":{"rendered":"https:\/\/blogs.correiobraziliense.com.br\/servidor\/?p=3625"},"modified":"2016-11-23T12:22:36","modified_gmt":"2016-11-23T14:22:36","slug":"marcello-estevao-assume-secretaria-de-assuntos-internacionais","status":"publish","type":"post","link":"https:\/\/blogs.correiobraziliense.com.br\/servidor\/marcello-estevao-assume-secretaria-de-assuntos-internacionais\/","title":{"rendered":"Marcello Estev\u00e3o assume a Secretaria de Assuntos Internacionais"},"content":{"rendered":"<p><i>Balduino ser\u00e1 o embaixador do Brasil junto \u00e0 Rep\u00fablica Eslovaca<\/i><\/p>\n<p>O Minist\u00e9rio da Fazenda informou que o economista Marcello de Moura Estev\u00e3o Filho substituir\u00e1 o diplomata Lu\u00eds Antonio Balduino Carneiro na Secretaria de Assuntos Internacionais do Minist\u00e9rio da Fazenda.<\/p>\n<p>Estev\u00e3o \u00e9 atualmente chefe de miss\u00e3o do Fundo Monet\u00e1rio Internacional, em Washington (EUA). Graduado e mestre em economia pela Pontif\u00edcia Universidade Cat\u00f3lica (PUC) do Rio e PhD pelo Massachusetts Institute of Technology (MIT), ele tamb\u00e9m foi economista-chefe na Tudor Investment Corporation (2013-2015), em Londres e Greenwich (EUA), e economista no Federal Reserve Board (1995-2000) em Washington.<\/p>\n","protected":false},"excerpt":{"rendered":"<p>Balduino ser\u00e1 o embaixador do Brasil junto \u00e0 Rep\u00fablica Eslovaca O Minist\u00e9rio da Fazenda informou que o economista Marcello de Moura Estev\u00e3o Filho substituir\u00e1 o diplomata Lu\u00eds Antonio Balduino Carneiro na Secretaria de Assuntos Internacionais do Minist\u00e9rio da Fazenda. Estev\u00e3o \u00e9 atualmente chefe de miss\u00e3o do Fundo Monet\u00e1rio Internacional, em Washington (EUA). Graduado e mestre em economia pela Pontif\u00edcia Universidade [&hellip;]<\/p>\n","protected":false},"author":27,"featured_media":0,"comment_status":"open","ping_status":"closed","sticky":false,"template":"","format":"standard","meta":{"footnotes":""},"categories":[2719],"tags":[4392,4038,533,4390,810,4391],"class_list":["post-3625","post","type-post","status-publish","format-standard","hentry","category-servidor","tag-balduino","tag-eua","tag-fmi","tag-marcello-estevao","tag-ministerio-da-fazenda","tag-secretaria-assuntos-internacionais"],"_links":{"self":[{"href":"https:\/\/blogs.correiobraziliense.com.br\/servidor\/wp-json\/wp\/v2\/posts\/3625","targetHints":{"allow":["GET"]}}],"collection":[{"href":"https:\/\/blogs.correiobraziliense.com.br\/servidor\/wp-json\/wp\/v2\/posts"}],"about":[{"href":"https:\/\/blogs.correiobraziliense.com.br\/servidor\/wp-json\/wp\/v2\/types\/post"}],"author":[{"embeddable":true,"href":"https:\/\/blogs.correiobraziliense.com.br\/servidor\/wp-json\/wp\/v2\/users\/27"}],"replies":[{"embeddable":true,"href":"https:\/\/blogs.correiobraziliense.com.br\/servidor\/wp-json\/wp\/v2\/comments?post=3625"}],"version-history":[{"count":1,"href":"https:\/\/blogs.correiobraziliense.com.br\/servidor\/wp-json\/wp\/v2\/posts\/3625\/revisions"}],"predecessor-version":[{"id":3626,"href":"https:\/\/blogs.correiobraziliense.com.br\/servidor\/wp-json\/wp\/v2\/posts\/3625\/revisions\/3626"}],"wp:attachment":[{"href":"https:\/\/blogs.correiobraziliense.com.br\/servidor\/wp-json\/wp\/v2\/media?parent=3625"}],"wp:term":[{"taxonomy":"category","embeddable":true,"href":"https:\/\/blogs.correiobraziliense.com.br\/servidor\/wp-json\/wp\/v2\/categories?post=3625"},{"taxonomy":"post_tag","embeddable":true,"href":"https:\/\/blogs.correiobraziliense.com.br\/servidor\/wp-json\/wp\/v2\/tags?post=3625"}],"curies":[{"name":"wp","href":"https:\/\/api.w.org\/{rel}","templated":true}]}}