{"id":3621,"date":"2016-11-23T11:55:06","date_gmt":"2016-11-23T13:55:06","guid":{"rendered":"https:\/\/blogs.correiobraziliense.com.br\/servidor\/?p=3621"},"modified":"2016-11-23T11:55:06","modified_gmt":"2016-11-23T13:55:06","slug":"cvm-e-fgv-lancam-cartilha-de-investimento-coletivo","status":"publish","type":"post","link":"https:\/\/blogs.correiobraziliense.com.br\/servidor\/cvm-e-fgv-lancam-cartilha-de-investimento-coletivo\/","title":{"rendered":"CVM e FGV lan\u00e7am cartilha de investimento coletivo"},"content":{"rendered":"<p><em>Publica\u00e7\u00e3o orienta sobre equity crowdfunding (<span class=\"notranslate\">mecanismo que permite que grupos amplos de investidores financiem empresas iniciantes e pequenas empresas em troca de capital pr\u00f3prio)<\/span>. A Cartilha \u00e9 a segunda publica\u00e7\u00e3o do conv\u00eanio educacional entre as duas institui\u00e7\u00f5es.<span class=\"m_7409368982298482363apple-converted-space\">\u00a0O evento \u00e9 gratuito e as inscri\u00e7\u00f5es podem ser feitas atrav\u00e9s do<span class=\"m_7409368982298482363apple-converted-space\">\u00a0<\/span><a href=\"http:\/\/www.fgv.br\/eventos\/?P_EVENTO=3021&amp;P_IDIOMA=0\" target=\"_blank\">site da FGV<\/a><\/span><br \/>\n<\/em><\/p>\n<p>A Comiss\u00e3o de Valores Mobili\u00e1rios (CVM) e a Escola de Direito do Rio de Janeiro da Funda\u00e7\u00e3o Getulio Vargas (FGV Direito Rio) realizam na pr\u00f3xima sexta-feira,<span class=\"m_7409368982298482363apple-converted-space\">\u00a0<\/span><strong>25\/11<\/strong>, o lan\u00e7amento da<span class=\"m_7409368982298482363apple-converted-space\">\u00a0<\/span>Cartilha do Investimento Coletivo: orienta\u00e7\u00f5es a investidores e gestores \u2013<span class=\"m_7409368982298482363apple-converted-space\">\u00a0<\/span><em>Equity Crowdfunding<\/em><span class=\"m_7409368982298482363apple-converted-space\"><i>\u00a0<\/i><\/span>no Brasil, \u00e0s 11h, no<span class=\"m_7409368982298482363apple-converted-space\">\u00a0<\/span><em>hall<\/em><span class=\"m_7409368982298482363apple-converted-space\"><i>\u00a0<\/i><\/span>do 8\u00ba andar da sede da FGV-Rio.<span class=\"m_7409368982298482363apple-converted-space\">\u00a0<\/span><\/p>\n<p>Confira a agenda:<u><\/u><u><\/u><\/p>\n<p>\u2022 Abertura: Jos\u00e9 Alexandre Vasco, Superintendente de Prote\u00e7\u00e3o e Orienta\u00e7\u00e3o aos Investidores (SOI) da CVM e Andr\u00e9 Mendes, professor e Coordenador do N\u00facleo de Pr\u00e1tica Jur\u00eddica (NPJ) da FGV Direito Rio.<u><\/u><u><\/u><\/p>\n<p>\u2022 Regula\u00e7\u00e3o do equity crowdfunding: Antonio Carlos Berwanger, Superintendente de Desenvolvimento de Mercado (SDM) da CVM.<u><\/u><u><\/u><\/p>\n<p>\u2022 Cartilha e suas implica\u00e7\u00f5es: Carlos Augusto Junqueira, professor e Supervisor da NPJ da FGV Direito Rio.<u><\/u><u><\/u><\/p>\n<p>\u2022 Rela\u00e7\u00e3o entre crowdfunding e mobiliza\u00e7\u00e3o de capital para impacto socioambiental positivo: Leonardo Letelier, CEO da SITAWI Finan\u00e7as do Bem.<u><\/u><u><\/u><\/p>\n<p>\u2022 Plataforma online para investidores descobrirem e investirem em empresas brasileiras inovadoras: Greg Kelly, S\u00f3cio-Fundador da EqSeed.<u><\/u><u><\/u><\/p>\n<p>Destaca-se que a Cartilha \u00e9 a segunda publica\u00e7\u00e3o do conv\u00eanio educacional celebrado entre as duas institui\u00e7\u00f5es.<span class=\"m_7409368982298482363apple-converted-space\">\u00a0<\/span><\/p>\n<p>O evento \u00e9 gratuito e as inscri\u00e7\u00f5es podem ser feitas atrav\u00e9s do<span class=\"m_7409368982298482363apple-converted-space\">\u00a0<\/span><a href=\"http:\/\/www.fgv.br\/eventos\/?P_EVENTO=3021&amp;P_IDIOMA=0\" target=\"_blank\">site da FGV<\/a>.<\/p>\n<h3>Servi\u00e7o<u><\/u><u><\/u><\/h3>\n<p><strong>Lan\u00e7amento da Cartilha do Investimento Coletivo: orienta\u00e7\u00f5es a investidores e gestores<\/strong><u><\/u><u><\/u><\/p>\n<p>Debate: Equity Crowdfunding no Brasil hoje<br \/>\nData: 25\/11<br \/>\nHor\u00e1rio: 11h \u00e0s 14h<br \/>\nLocal: Sede da FGV-Rio \u2013 Praia de Botafogo, 190, 8\u00ba andar (Hall)<\/p>\n","protected":false},"excerpt":{"rendered":"<p>Publica\u00e7\u00e3o orienta sobre equity crowdfunding (mecanismo que permite que grupos amplos de investidores financiem empresas iniciantes e pequenas empresas em troca de capital pr\u00f3prio). A Cartilha \u00e9 a segunda publica\u00e7\u00e3o do conv\u00eanio educacional entre as duas institui\u00e7\u00f5es.\u00a0O evento \u00e9 gratuito e as inscri\u00e7\u00f5es podem ser feitas atrav\u00e9s do\u00a0site da FGV A Comiss\u00e3o de Valores Mobili\u00e1rios (CVM) e a Escola de [&hellip;]<\/p>\n","protected":false},"author":27,"featured_media":0,"comment_status":"open","ping_status":"closed","sticky":false,"template":"","format":"standard","meta":{"footnotes":""},"categories":[2719],"tags":[1463,2448,3363,215,390,4387,2726,1619,217,602,2746],"class_list":["post-3621","post","type-post","status-publish","format-standard","hentry","category-servidor","tag-capital","tag-cartilha","tag-coletivo","tag-cvm","tag-empresas","tag-equity-crowdfunding","tag-fgv","tag-investidores","tag-investimento","tag-pequenas","tag-protecao"],"_links":{"self":[{"href":"https:\/\/blogs.correiobraziliense.com.br\/servidor\/wp-json\/wp\/v2\/posts\/3621","targetHints":{"allow":["GET"]}}],"collection":[{"href":"https:\/\/blogs.correiobraziliense.com.br\/servidor\/wp-json\/wp\/v2\/posts"}],"about":[{"href":"https:\/\/blogs.correiobraziliense.com.br\/servidor\/wp-json\/wp\/v2\/types\/post"}],"author":[{"embeddable":true,"href":"https:\/\/blogs.correiobraziliense.com.br\/servidor\/wp-json\/wp\/v2\/users\/27"}],"replies":[{"embeddable":true,"href":"https:\/\/blogs.correiobraziliense.com.br\/servidor\/wp-json\/wp\/v2\/comments?post=3621"}],"version-history":[{"count":1,"href":"https:\/\/blogs.correiobraziliense.com.br\/servidor\/wp-json\/wp\/v2\/posts\/3621\/revisions"}],"predecessor-version":[{"id":3622,"href":"https:\/\/blogs.correiobraziliense.com.br\/servidor\/wp-json\/wp\/v2\/posts\/3621\/revisions\/3622"}],"wp:attachment":[{"href":"https:\/\/blogs.correiobraziliense.com.br\/servidor\/wp-json\/wp\/v2\/media?parent=3621"}],"wp:term":[{"taxonomy":"category","embeddable":true,"href":"https:\/\/blogs.correiobraziliense.com.br\/servidor\/wp-json\/wp\/v2\/categories?post=3621"},{"taxonomy":"post_tag","embeddable":true,"href":"https:\/\/blogs.correiobraziliense.com.br\/servidor\/wp-json\/wp\/v2\/tags?post=3621"}],"curies":[{"name":"wp","href":"https:\/\/api.w.org\/{rel}","templated":true}]}}