{"id":362,"date":"2015-08-09T20:13:00","date_gmt":"2015-08-09T20:13:00","guid":{"rendered":"https:\/\/blogs.correiobraziliense.com.br\/servidor\/advogados_da_uniao_se_reunem_na_terca-feira_em_brasilia\/"},"modified":"2015-08-09T20:13:00","modified_gmt":"2015-08-09T20:13:00","slug":"advogados_da_uniao_se_reunem_na_terca-feira_em_brasilia","status":"publish","type":"post","link":"https:\/\/blogs.correiobraziliense.com.br\/servidor\/advogados_da_uniao_se_reunem_na_terca-feira_em_brasilia\/","title":{"rendered":"ADVOGADOS DA UNI\u00c3O SE RE\u00daNEM NA TER\u00c7A-FEIRA, EM BRAS\u00cdLIA"},"content":{"rendered":"<p>De acordo com a Associa\u00e7\u00e3o Nacional dos Advogados da Uni\u00e3o (Anauni), a reuni\u00e3o acontecer\u00e1 \u00e0s 10h30min do dia 11 de agosto, na sede da Associa\u00e7\u00e3o, com o  objetivo de transmitir informa\u00e7\u00f5es e orienta\u00e7\u00f5es quanto \u00e0 atua\u00e7\u00e3o em  favor da PEC 443\/2009 &#8211; que vincula os sal\u00e1rios a 90,25% dos subs\u00eddios dos ministros do Supremo Tribunal Federal (STF) &#8211; na C\u00e2mara dos Deputados. <\/p>\n<p><i>Bras\u00edlia, 20h13min<\/i>   <\/p>\n","protected":false},"excerpt":{"rendered":"<p>De acordo com a Associa\u00e7\u00e3o Nacional dos Advogados da Uni\u00e3o (Anauni), a reuni\u00e3o acontecer\u00e1 \u00e0s 10h30min do dia 11 de agosto, na sede da Associa\u00e7\u00e3o, com o objetivo de transmitir informa\u00e7\u00f5es e orienta\u00e7\u00f5es quanto \u00e0 atua\u00e7\u00e3o em favor da PEC 443\/2009 &#8211; que vincula os sal\u00e1rios a 90,25% dos subs\u00eddios dos ministros do Supremo Tribunal Federal (STF) &#8211; na C\u00e2mara [&hellip;]<\/p>\n","protected":false},"author":27,"featured_media":0,"comment_status":"open","ping_status":"open","sticky":false,"template":"","format":"standard","meta":{"footnotes":""},"categories":[1],"tags":[],"class_list":["post-362","post","type-post","status-publish","format-standard","hentry","category-sem-categoria"],"_links":{"self":[{"href":"https:\/\/blogs.correiobraziliense.com.br\/servidor\/wp-json\/wp\/v2\/posts\/362","targetHints":{"allow":["GET"]}}],"collection":[{"href":"https:\/\/blogs.correiobraziliense.com.br\/servidor\/wp-json\/wp\/v2\/posts"}],"about":[{"href":"https:\/\/blogs.correiobraziliense.com.br\/servidor\/wp-json\/wp\/v2\/types\/post"}],"author":[{"embeddable":true,"href":"https:\/\/blogs.correiobraziliense.com.br\/servidor\/wp-json\/wp\/v2\/users\/27"}],"replies":[{"embeddable":true,"href":"https:\/\/blogs.correiobraziliense.com.br\/servidor\/wp-json\/wp\/v2\/comments?post=362"}],"version-history":[{"count":0,"href":"https:\/\/blogs.correiobraziliense.com.br\/servidor\/wp-json\/wp\/v2\/posts\/362\/revisions"}],"wp:attachment":[{"href":"https:\/\/blogs.correiobraziliense.com.br\/servidor\/wp-json\/wp\/v2\/media?parent=362"}],"wp:term":[{"taxonomy":"category","embeddable":true,"href":"https:\/\/blogs.correiobraziliense.com.br\/servidor\/wp-json\/wp\/v2\/categories?post=362"},{"taxonomy":"post_tag","embeddable":true,"href":"https:\/\/blogs.correiobraziliense.com.br\/servidor\/wp-json\/wp\/v2\/tags?post=362"}],"curies":[{"name":"wp","href":"https:\/\/api.w.org\/{rel}","templated":true}]}}