{"id":3615,"date":"2016-11-23T11:26:27","date_gmt":"2016-11-23T13:26:27","guid":{"rendered":"https:\/\/blogs.correiobraziliense.com.br\/servidor\/?p=3615"},"modified":"2016-11-23T11:26:27","modified_gmt":"2016-11-23T13:26:27","slug":"comecou-o-periodo-de-votacao-para-eleger-o-vencedor-do-premio-alfredo-valladao","status":"publish","type":"post","link":"https:\/\/blogs.correiobraziliense.com.br\/servidor\/comecou-o-periodo-de-votacao-para-eleger-o-vencedor-do-premio-alfredo-valladao\/","title":{"rendered":"Come\u00e7ou o per\u00edodo de vota\u00e7\u00e3o para eleger o vencedor do Pr\u00eamio Alfredo Vallad\u00e3o"},"content":{"rendered":"<p><i>Colaboradores do TCU t\u00eam at\u00e9 o dia 30 de novembro para escolher entre os seis nomes mais indicados: Deltan Dallagnol (Procurador MPF); Departamento de Pol\u00edcia Federal (DPF); Reguffe (Senador); J\u00falio Marcelo (Procurador do MP junto ao TCU); Rain\u00e9rio Rodrigues (Auditor do TCU); e S\u00e9rgio Moro (Juiz Federal).<\/i><\/p>\n<p>O per\u00edodo de vota\u00e7\u00e3o para eleger o vencedor do Pr\u00eamio Alfredo Vallad\u00e3o de Zelo pela Coisa p\u00fablica, reinstitu\u00eddo pela Uni\u00e3o dos Auditores Federais de Controle Externo (Auditar) do TCU, teve in\u00edcio na \u00faltima semana e se encerra \u00e0s 23h59 do dia 30 de novembro. Auditores, t\u00e9cnicos, auxiliares e ocupantes de cargos em comiss\u00e3o, al\u00e9m de procuradores e ministros da Casa, poder\u00e3o escolher entre os seis nomes mais indicados, sejam eles: Deltan Martinazzo Dallagnol (Procurador do MPF); Departamento de Pol\u00edcia Federal (DPF); Jos\u00e9 Antonio Machado Reguffe (Senador); J\u00falio Marcelo de Oliveira (Procurador do Minist\u00e9rio P\u00fablico junto ao TCU); Rain\u00e9rio Rodrigues Leite (Auditor do TCU); e S\u00e9rgio Fernando Moro (Juiz Federal). Para votar, basta acessar o site <a href=\"http:\/\/www.auditar.org.br\/premioalfredovalladao\">www.auditar.org.br\/premioalfredovalladao<\/a>.<\/p>\n<p>Os colaboradores da Casa tiveram at\u00e9 o dia 11 de novembro para indicar at\u00e9 tr\u00eas candidatos para concorrer ao Pr\u00eamio, institu\u00eddo em 1990 pela Auditar e cujo nome faz men\u00e7\u00e3o ao Ministro do TCU Alfredo de Vilhena Vallad\u00e3o. O grande campe\u00e3o receber\u00e1 uma comenda especialmente confeccionada e ser\u00e1 convidado para a solenidade de entrega na Sede do TCU, em Bras\u00edlia, marcada para o dia 9 de dezembro (\u00e0s 16h, no audit\u00f3rio do Anexo III), quando \u00e9 comemorado o Dia Internacional de Combate \u00e0 Corrup\u00e7\u00e3o.<\/p>\n","protected":false},"excerpt":{"rendered":"<p>Colaboradores do TCU t\u00eam at\u00e9 o dia 30 de novembro para escolher entre os seis nomes mais indicados: Deltan Dallagnol (Procurador MPF); Departamento de Pol\u00edcia Federal (DPF); Reguffe (Senador); J\u00falio Marcelo (Procurador do MP junto ao TCU); Rain\u00e9rio Rodrigues (Auditor do TCU); e S\u00e9rgio Moro (Juiz Federal). O per\u00edodo de vota\u00e7\u00e3o para eleger o vencedor do Pr\u00eamio Alfredo Vallad\u00e3o de [&hellip;]<\/p>\n","protected":false},"author":27,"featured_media":0,"comment_status":"open","ping_status":"closed","sticky":false,"template":"","format":"standard","meta":{"footnotes":""},"categories":[2719],"tags":[2950,31,791,1150,1731,4383,33,853,453,2952,635,4174,1498],"class_list":["post-3615","post","type-post","status-publish","format-standard","hentry","category-servidor","tag-auditar","tag-auditores","tag-cargos","tag-comissao","tag-dpf","tag-escolher","tag-ministros","tag-mp","tag-mpf","tag-premio-alfredo-valladao","tag-tcu","tag-vencedor","tag-votacao"],"_links":{"self":[{"href":"https:\/\/blogs.correiobraziliense.com.br\/servidor\/wp-json\/wp\/v2\/posts\/3615","targetHints":{"allow":["GET"]}}],"collection":[{"href":"https:\/\/blogs.correiobraziliense.com.br\/servidor\/wp-json\/wp\/v2\/posts"}],"about":[{"href":"https:\/\/blogs.correiobraziliense.com.br\/servidor\/wp-json\/wp\/v2\/types\/post"}],"author":[{"embeddable":true,"href":"https:\/\/blogs.correiobraziliense.com.br\/servidor\/wp-json\/wp\/v2\/users\/27"}],"replies":[{"embeddable":true,"href":"https:\/\/blogs.correiobraziliense.com.br\/servidor\/wp-json\/wp\/v2\/comments?post=3615"}],"version-history":[{"count":1,"href":"https:\/\/blogs.correiobraziliense.com.br\/servidor\/wp-json\/wp\/v2\/posts\/3615\/revisions"}],"predecessor-version":[{"id":3616,"href":"https:\/\/blogs.correiobraziliense.com.br\/servidor\/wp-json\/wp\/v2\/posts\/3615\/revisions\/3616"}],"wp:attachment":[{"href":"https:\/\/blogs.correiobraziliense.com.br\/servidor\/wp-json\/wp\/v2\/media?parent=3615"}],"wp:term":[{"taxonomy":"category","embeddable":true,"href":"https:\/\/blogs.correiobraziliense.com.br\/servidor\/wp-json\/wp\/v2\/categories?post=3615"},{"taxonomy":"post_tag","embeddable":true,"href":"https:\/\/blogs.correiobraziliense.com.br\/servidor\/wp-json\/wp\/v2\/tags?post=3615"}],"curies":[{"name":"wp","href":"https:\/\/api.w.org\/{rel}","templated":true}]}}