{"id":3613,"date":"2016-11-23T11:23:25","date_gmt":"2016-11-23T13:23:25","guid":{"rendered":"https:\/\/blogs.correiobraziliense.com.br\/servidor\/?p=3613"},"modified":"2016-11-23T11:23:25","modified_gmt":"2016-11-23T13:23:25","slug":"mais-de-80-entidades-manifestam-apoio-as-10-medidas-contra-corrupcao","status":"publish","type":"post","link":"https:\/\/blogs.correiobraziliense.com.br\/servidor\/mais-de-80-entidades-manifestam-apoio-as-10-medidas-contra-corrupcao\/","title":{"rendered":"Mais de 80 entidades manifestam apoio \u00e0s &#8220;10 Medidas contra a Corrup\u00e7\u00e3o&#8221;"},"content":{"rendered":"<div>\n<div>\n<p><em> Por meio de nota, mais de 80 entidades representativas de combate \u00e0 corrup\u00e7\u00e3o e controle social se manifestam contra a tentativa de garantir anistia ao &#8220;caixa dois&#8221; eleitoral cometido por qualquer partido pol\u00edtico, campanha ou candidato. Veem como inaceit\u00e1vel a tentativa de intimidar ju\u00edzes e promotores na atividade investigat\u00f3ria e limitar o exerc\u00edcio de suas fun\u00e7\u00f5es. O documento destaca que \u00e9 &#8220;improv\u00e1vel que as recentes substitui\u00e7\u00f5es promovidas por partidos pol\u00edticos de membros da Comiss\u00e3o Especial enrique\u00e7am os resultados dos trabalhos&#8221;.<\/em><\/p>\n<p>Veja a nota:<\/p>\n<p>As entidades, abaixo subscritas, integrantes da Frente pelo Controle e Contra a Corrupc\u0327a\u0303o, ve\u0302m a pu\u0301blico explicitar sua posic\u0327a\u0303o em relac\u0327a\u0303o a\u0300 votac\u0327a\u0303o do relato\u0301rio final da Comissa\u0303o Especial da Ca\u0302mara dos Deputados destinada a proferir parecer ao Projeto de Lei n\u00ba 4.850\/2016 (\u201cProjeto de Iniciativa Popular das 10 Medidas contra a Corrupc\u0327a\u0303o\u201d).<\/p>\n<p>1) \u00c9 inadmiss\u00edvel a tentativa de garantir anistia ao \u201ccaixa dois\u201d eleitoral cometido por qualquer partido pol\u00edtico, campanha ou candidato. N\u00e3o bastasse os danos causados \u00e0 representatividade democr\u00e1tica e ao acesso igualit\u00e1rio ao poder, o novo marco legal contra a corrup\u00e7\u00e3o que a sociedade brasileira deseja n\u00e3o se coaduna com qualquer permissividade que proteja essa pr\u00e1tica, em qualquer tempo. Um projeto contra a corrup\u00e7\u00e3o n\u00e3o pode promover a impunidade.<\/p>\n<p>2) \u00c9 inaceit\u00e1vel a tentativa de intimidar ju\u00edzes e promotores em sua atividade investigat\u00f3ria, o que obviamente se presta a limitar o exerc\u00edcio de suas fun\u00e7\u00f5es. Qualquer debate sobre abuso de autoridade e responsabiliza\u00e7\u00e3o proposto pelo Congresso Nacional contar\u00e1 com o apoio da sociedade brasileira, desde que isso n\u00e3o ocorra de forma casu\u00edstica com o claro prop\u00f3sito de inibir o combate \u00e0 corrup\u00e7\u00e3o.<\/p>\n<p>3) \u00c9 improv\u00e1vel que as recentes substitui\u00e7\u00f5es promovidas por partidos pol\u00edticos de membros da Comiss\u00e3o Especial enrique\u00e7am os resultados dos trabalhos. Verificar e dar transpar\u00eancia aos reais interesses em jogo \u00e9 tarefa de um parlamento comprometido com os avan\u00e7os institucionais necess\u00e1rios \u00e0 consolida\u00e7\u00e3o da democracia brasileira.<\/p>\n<p>A sociedade brasileira est\u00e1 atenta.<\/p>\n<p><strong>FRENTE PELO CONTROLE E CONTRA A CORRUP\u00c7\u00c3O<\/strong><\/p>\n<p>A Voz do Cidad\u00e3o &#8211; Rio de Janeiro, RJ (atua\u00e7\u00e3o nacional)<br \/>\nA\u00e7\u00e3o Cearense de Combate a Corrup\u00e7\u00e3o e a Impunidade &#8211; ACECCI &#8211; Cear\u00e1<br \/>\nAmarribo Brasil &#8211; Ribeir\u00e3o Bonito, SP (atua\u00e7\u00e3o nacional)<br \/>\nAmigos Associados de Anal\u00e2ndia &#8211; AMASA &#8211; Anal\u00e2ndia, SP<br \/>\nAssocia\u00e7\u00e3o Contas Abertas &#8211; Bras\u00edlia, DF (atua\u00e7\u00e3o nacional)<br \/>\nAssocia\u00e7\u00e3o Diamantina Viva &#8211; Diamantina, MG<br \/>\nAssocia\u00e7\u00e3o dos Artes\u00e3os de El\u00f3i Mendes &#8211; El\u00f3i Mendes, MG<br \/>\nAssocia\u00e7\u00e3o Guardi\u00f5es da Rainha das \u00c1guas &#8211; GUAR\u00c1 &#8211; \u00c1guas da Prata, SP<br \/>\nAssocia\u00e7\u00e3o Universidade Hol\u00edstica da Mantiqueira &#8211; \u00c1guas da Prata, SP<br \/>\nBrasil 2030 &#8211; Bras\u00edlia, DF (atua\u00e7\u00e3o nacional)<br \/>\nColaborat\u00f3rio de Desenvolvimento e Participa\u00e7\u00e3o &#8211; COLAB\/USP &#8211; S\u00e3o Paulo<br \/>\nGuerrilha do Servidor &#8211; Distrito Federal (atua\u00e7\u00e3o nacional)<br \/>\nInstituto de Fiscaliza\u00e7\u00e3o e Controle &#8211; Bras\u00edlia, DF (atua\u00e7\u00e3o nacional)<br \/>\nInstituto Ethos de Empresas e Responsabilidade Social<br \/>\nInstituto Mude &#8211; Curitiba, PR (atua\u00e7\u00e3o nacional)<br \/>\nInstituto Nacional pela Integridade &#8211; S\u00e3o Jos\u00e9 dos Campos, SP<br \/>\nInstituto N\u00e3o Aceito Corrup\u00e7\u00e3o &#8211; S\u00e3o Paulo, SP (atua\u00e7\u00e3o nacional)<br \/>\nInstituto Prata Viva &#8211; \u00c1guas da Prata, SP<br \/>\nInstituto Soma Brasil &#8211; Para\u00edba<br \/>\nMovimento Articulado de Combate \u00e0 Corrup\u00e7\u00e3o do Rio Grande do Norte &#8211; Marcco &#8211; RN<br \/>\nMovimento Eu Amo \u00c1guas da Prata &#8211; \u00c1guas da Prata, SP<br \/>\nMovimento do Minist\u00e9rio P\u00fablico Democr\u00e1tico (atua\u00e7\u00e3o nacional)<br \/>\nMovimento Popular Desperta Ibiapina &#8211; Ibiapina, CE<br \/>\nMovimento Social Prata Florida &#8211; \u00c1guas da Prata, SP<br \/>\nMovimento X\u00f4 Mineradoras &#8211; \u00c1guas da Prata, SP<br \/>\nObservat\u00f3rio Social de Arapongas &#8211; PR<br \/>\nObservat\u00f3rio Social de Assis Chateaubriand &#8211; PR<br \/>\nObservat\u00f3rio Social de Bras\u00edlia &#8211; DF<br \/>\nObservat\u00f3rio Social de Brusque &#8211; SC<br \/>\nObservat\u00f3rio Social de Ca\u00e7ador &#8211; SC<br \/>\nObservat\u00f3rio Social de Cascavel &#8211; PR<br \/>\nObservat\u00f3rio Social de Conc\u00f3rdia &#8211; SC<br \/>\nObservat\u00f3rio Social de Cuiab\u00e1 &#8211; MT<br \/>\nObservat\u00f3rio Social de Erechim &#8211; RS<br \/>\nObservat\u00f3rio Social de Foz do Igua\u00e7u &#8211; PR<br \/>\nObservat\u00f3rio Social de Goioer\u00ea &#8211; PR<br \/>\nObservat\u00f3rio Social de Indaial &#8211; SC<br \/>\nObservat\u00f3rio Social de Imbituba &#8211; SC<br \/>\nObservat\u00f3rio Social de Irati &#8211; PR<br \/>\nObservat\u00f3rio Social de Itaja\u00ed &#8211; SC<br \/>\nObservat\u00f3rio Social de Jacare\u00ed &#8211; SP<br \/>\nObservat\u00f3rio Social de Jequi\u00e9 &#8211; BA<br \/>\nObservat\u00f3rio Social de Lages &#8211; SC<br \/>\nObservat\u00f3rio Social de Mandaguari &#8211; PR<br \/>\nObservat\u00f3rio Social de Niter\u00f3i &#8211; RJ<br \/>\nObservat\u00f3rio Social de Ourinhos &#8211; SP<br \/>\nObservat\u00f3rio Social de Palho\u00e7a &#8211; SC<br \/>\nObservat\u00f3rio Social de Palmas &#8211; PR<br \/>\nObservat\u00f3rio Social de Palmas &#8211; TO<br \/>\nObservat\u00f3rio Social de Palmeira &#8211; PR<br \/>\nObservat\u00f3rio Social de Paranava\u00ed &#8211; PR<br \/>\nObservat\u00f3rio Social de Pelotas &#8211; RS<br \/>\nObservat\u00f3rio Social de Piumhi &#8211; MG<br \/>\nObservat\u00f3rio Social de Ponta Grossa &#8211; PR<br \/>\nObservat\u00f3rio Social de Porto Seguro &#8211; BA<br \/>\nObservat\u00f3rio Social de Ribeir\u00e3o Preto &#8211; SP<br \/>\nObservat\u00f3rio Social de Rio do Sul &#8211; SC<br \/>\nObservat\u00f3rio Social de S\u00e3o Jos\u00e9 do Rio Preto &#8211; SP<br \/>\nObservat\u00f3rio Social de S\u00e3o Jos\u00e9 dos Campos &#8211; SP<br \/>\nObservat\u00f3rio Social de S\u00e3o Paulo &#8211; SP<br \/>\nObservat\u00f3rio Social de Sorocaba &#8211; SP<br \/>\nObservat\u00f3rio Social de Taubat\u00e9 &#8211; SP<br \/>\nObservat\u00f3rio Social de Teres\u00f3polis &#8211; RJ<br \/>\nObservat\u00f3rio Social de Toledo &#8211; PR<br \/>\nObservat\u00f3rio Social de Tubar\u00e3o &#8211; SC<br \/>\nObservat\u00f3rio Social de Uberl\u00e2ndia &#8211; MG<br \/>\nObservat\u00f3rio Social do Brasil (atua\u00e7\u00e3o nacional)<br \/>\nOng Moral &#8211; Cuiab\u00e1 &#8211; MT<br \/>\nOpen Knowledge Foundation Brasil (atua\u00e7\u00e3o nacional)<br \/>\nProjeto Ouro Branco 2030 &#8211; Ouro Branco, MG<br \/>\nP\u00fablica &#8211; Central do Servidor (atua\u00e7\u00e3o nacional)<br \/>\nRede de Controle da Gest\u00e3o P\u00fablica no Estado do Piau\u00ed &#8211; Piau\u00ed<br \/>\nRede Nossa S\u00e3o Paulo &#8211; S\u00e3o Paulo<br \/>\nSindicato dos Servidores Municipais de \u00c1guas da Prata &#8211; \u00c1guas da Prata, SP<br \/>\nSindicato dos Servidores P\u00fablicos Municipais de Ibiapina &#8211; Ibiapina, CE<br \/>\nTranspar\u00eancia Capixaba &#8211; Esp\u00edrito Santo<br \/>\nTranspar\u00eancia Internacional (atua\u00e7\u00e3o nacional)<br \/>\nTranspar\u00eancia Santa Branca &#8211; Santa Branca, SP<br \/>\nUni\u00e3o Geral dos Trabalhadores &#8211; UGT<br \/>\nUni\u00e3o Geral dos Trabalhadores do Estado de Minas Gerais &#8211; UGT-MG<br \/>\nUnacon Sindical &#8211; Sindicato Nacional dos Auditores e T\u00e9cnicos de Finan\u00e7as e Controle (atua\u00e7\u00e3o nacional)<br \/>\nViva S\u00e3o Jo\u00e3o &#8211; S\u00e3o Jo\u00e3o da Boa Vista, SP<\/p>\n<\/div>\n<\/div>\n","protected":false},"excerpt":{"rendered":"<p>Por meio de nota, mais de 80 entidades representativas de combate \u00e0 corrup\u00e7\u00e3o e controle social se manifestam contra a tentativa de garantir anistia ao &#8220;caixa dois&#8221; eleitoral cometido por qualquer partido pol\u00edtico, campanha ou candidato. Veem como inaceit\u00e1vel a tentativa de intimidar ju\u00edzes e promotores na atividade investigat\u00f3ria e limitar o exerc\u00edcio de suas fun\u00e7\u00f5es. O documento destaca que [&hellip;]<\/p>\n","protected":false},"author":27,"featured_media":0,"comment_status":"open","ping_status":"closed","sticky":false,"template":"","format":"standard","meta":{"footnotes":""},"categories":[2719],"tags":[4380,4381,305,2695,204,207,205,3338,73,1578,4382,1427,2103],"class_list":["post-3613","post","type-post","status-publish","format-standard","hentry","category-servidor","tag-anistia","tag-caixa-dois","tag-campanha","tag-candidato","tag-combate","tag-controle","tag-corrupcao","tag-eleitoral","tag-entidades","tag-medidas","tag-partido","tag-politico","tag-social"],"_links":{"self":[{"href":"https:\/\/blogs.correiobraziliense.com.br\/servidor\/wp-json\/wp\/v2\/posts\/3613","targetHints":{"allow":["GET"]}}],"collection":[{"href":"https:\/\/blogs.correiobraziliense.com.br\/servidor\/wp-json\/wp\/v2\/posts"}],"about":[{"href":"https:\/\/blogs.correiobraziliense.com.br\/servidor\/wp-json\/wp\/v2\/types\/post"}],"author":[{"embeddable":true,"href":"https:\/\/blogs.correiobraziliense.com.br\/servidor\/wp-json\/wp\/v2\/users\/27"}],"replies":[{"embeddable":true,"href":"https:\/\/blogs.correiobraziliense.com.br\/servidor\/wp-json\/wp\/v2\/comments?post=3613"}],"version-history":[{"count":1,"href":"https:\/\/blogs.correiobraziliense.com.br\/servidor\/wp-json\/wp\/v2\/posts\/3613\/revisions"}],"predecessor-version":[{"id":3614,"href":"https:\/\/blogs.correiobraziliense.com.br\/servidor\/wp-json\/wp\/v2\/posts\/3613\/revisions\/3614"}],"wp:attachment":[{"href":"https:\/\/blogs.correiobraziliense.com.br\/servidor\/wp-json\/wp\/v2\/media?parent=3613"}],"wp:term":[{"taxonomy":"category","embeddable":true,"href":"https:\/\/blogs.correiobraziliense.com.br\/servidor\/wp-json\/wp\/v2\/categories?post=3613"},{"taxonomy":"post_tag","embeddable":true,"href":"https:\/\/blogs.correiobraziliense.com.br\/servidor\/wp-json\/wp\/v2\/tags?post=3613"}],"curies":[{"name":"wp","href":"https:\/\/api.w.org\/{rel}","templated":true}]}}