{"id":361,"date":"2015-08-09T20:03:00","date_gmt":"2015-08-09T20:03:00","guid":{"rendered":"https:\/\/blogs.correiobraziliense.com.br\/servidor\/sindifisco_-_comunicado_a_sociedade_sobre_paralisacao\/"},"modified":"2015-08-09T20:03:00","modified_gmt":"2015-08-09T20:03:00","slug":"sindifisco_-_comunicado_a_sociedade_sobre_paralisacao","status":"publish","type":"post","link":"https:\/\/blogs.correiobraziliense.com.br\/servidor\/sindifisco_-_comunicado_a_sociedade_sobre_paralisacao\/","title":{"rendered":"SINDIFISCO &#8211; COMUNICADO \u00c0 SOCIEDADE SOBRE PARALISA\u00c7\u00c3O"},"content":{"rendered":"<p> \tO Sindicato Nacional dos Auditores Fiscais da Receita Federal (Sindifisco Nacional) publicou, na sexta-feira (7\/8), no <i>Correio Braziliense<\/i>, jornal de circula\u00e7\u00e3o nacional, um comunicado \u00e0 sociedade sobre a decis\u00e3o da assembleia nacional da classe de paralisa\u00e7\u00e3o de 48 horas das atividades dos auditores, nos dias 11 e 12 de agosto.    <\/p>\n<p> \tNestes dias, somente as atividades essenciais  ser\u00e3o exercidas. De acordo com o comunicado, \u201ca paralisa\u00e7\u00e3o vai ao  encontro da mobiliza\u00e7\u00e3o para demonstrar a necessidade de apensamento da  PEC 102\/15 \u00e0 PEC 443\/09 &#8211; que vincula os sal\u00e1rios a 90,25% dos subs\u00eddios dos ministros do Supremo -, como instrumento indispens\u00e1vel \u00e0 valoriza\u00e7\u00e3o da  categoria.    <\/p>\n<p> \tO comunicado, de acordo com o Sindifisco, tamb\u00e9m foi enviado ao secret\u00e1rio da Receita Federal e ao secret\u00e1rio, Jorge Rachid.   <\/p>\n<p><i>Bras\u00edlia, 20h03min<\/i>   <\/p>\n","protected":false},"excerpt":{"rendered":"<p>O Sindicato Nacional dos Auditores Fiscais da Receita Federal (Sindifisco Nacional) publicou, na sexta-feira (7\/8), no Correio Braziliense, jornal de circula\u00e7\u00e3o nacional, um comunicado \u00e0 sociedade sobre a decis\u00e3o da assembleia nacional da classe de paralisa\u00e7\u00e3o de 48 horas das atividades dos auditores, nos dias 11 e 12 de agosto. Nestes dias, somente as atividades essenciais ser\u00e3o exercidas. De acordo [&hellip;]<\/p>\n","protected":false},"author":27,"featured_media":0,"comment_status":"open","ping_status":"open","sticky":false,"template":"","format":"standard","meta":{"footnotes":""},"categories":[1],"tags":[],"class_list":["post-361","post","type-post","status-publish","format-standard","hentry","category-sem-categoria"],"_links":{"self":[{"href":"https:\/\/blogs.correiobraziliense.com.br\/servidor\/wp-json\/wp\/v2\/posts\/361","targetHints":{"allow":["GET"]}}],"collection":[{"href":"https:\/\/blogs.correiobraziliense.com.br\/servidor\/wp-json\/wp\/v2\/posts"}],"about":[{"href":"https:\/\/blogs.correiobraziliense.com.br\/servidor\/wp-json\/wp\/v2\/types\/post"}],"author":[{"embeddable":true,"href":"https:\/\/blogs.correiobraziliense.com.br\/servidor\/wp-json\/wp\/v2\/users\/27"}],"replies":[{"embeddable":true,"href":"https:\/\/blogs.correiobraziliense.com.br\/servidor\/wp-json\/wp\/v2\/comments?post=361"}],"version-history":[{"count":0,"href":"https:\/\/blogs.correiobraziliense.com.br\/servidor\/wp-json\/wp\/v2\/posts\/361\/revisions"}],"wp:attachment":[{"href":"https:\/\/blogs.correiobraziliense.com.br\/servidor\/wp-json\/wp\/v2\/media?parent=361"}],"wp:term":[{"taxonomy":"category","embeddable":true,"href":"https:\/\/blogs.correiobraziliense.com.br\/servidor\/wp-json\/wp\/v2\/categories?post=361"},{"taxonomy":"post_tag","embeddable":true,"href":"https:\/\/blogs.correiobraziliense.com.br\/servidor\/wp-json\/wp\/v2\/tags?post=361"}],"curies":[{"name":"wp","href":"https:\/\/api.w.org\/{rel}","templated":true}]}}