{"id":3604,"date":"2016-11-21T14:26:06","date_gmt":"2016-11-21T16:26:06","guid":{"rendered":"https:\/\/blogs.correiobraziliense.com.br\/servidor\/?p=3604"},"modified":"2016-11-21T14:26:06","modified_gmt":"2016-11-21T16:26:06","slug":"ajufe-e-ministerio-publico-irao-luta-por-fortalecimento-da-justica","status":"publish","type":"post","link":"https:\/\/blogs.correiobraziliense.com.br\/servidor\/ajufe-e-ministerio-publico-irao-luta-por-fortalecimento-da-justica\/","title":{"rendered":"Ajufe e Minist\u00e9rio P\u00fablico ir\u00e3o \u00e0 luta por fortalecimento da Justi\u00e7a"},"content":{"rendered":"<article>\n<div class=\"blococontainer\">\n<p><em>A Associa\u00e7\u00e3o Nacional dos Ju\u00edzes Federais (Ajufe) divulgou uma carta na qual manifesta preocupa\u00e7\u00e3o com os ataques ao Poder Judici\u00e1rio<\/em><\/p>\n<p>Veja a carta na \u00edntegra:<\/p>\n<p>&#8220;N\u00f3s, ju\u00edzes federais reunidos em Assembleia Geral, vimos por meio desta manifestar nossa preocupa\u00e7\u00e3o com os ataques que v\u00eam sendo dirigidos ao Poder Judici\u00e1rio, que se iniciaram, em especial ap\u00f3s a atua\u00e7\u00e3o institucional de Magistrados em inqu\u00e9ritos policiais e a\u00e7\u00f5es penais cujos Indiciados e R\u00e9us possuem grande express\u00e3o pol\u00edtica e\/ou econ\u00f4mica, mas que, at\u00e9 h\u00e1 pouco em nosso Pa\u00eds se esquivavam a responder pela pr\u00e1tica por seus atos em contrariedade \u00e0 lei e ao ordenamento jur\u00eddico em geral, beneficiando-se, dessa forma, de um ambiente de corrup\u00e7\u00e3o end\u00eamica.<\/p>\n<\/div>\n<div class=\"blococontainer\">\n<p>Il\u00edcitos cometidos por integrantes de quaisquer dos tr\u00eas poderes devem ser recha\u00e7ados, investigados e punidos. Contudo, soa inoportuna, e at\u00e9 intimidat\u00f3ria, a proposta de projetos de lei buscando criminalizar a atua\u00e7\u00e3o dos ju\u00edzes justamente quando a atua\u00e7\u00e3o do Judici\u00e1rio tem sido mais efetiva no processamento dos feitos que t\u00eam por objeto atos de corrup\u00e7\u00e3o.<\/p>\n<p>Nesse sentido, o projeto que tipifica como abuso de autoridade a mera interpreta\u00e7\u00e3o da lei e que prev\u00ea a puni\u00e7\u00e3o dos ju\u00edzes por crimes de responsabilidade s\u00e3o tentativas claras de ferir a independ\u00eancia funcional dos magistrados, tendo como fim amedrontar os respons\u00e1veis pela condu\u00e7\u00e3o de investiga\u00e7\u00f5es notoriamente bem sucedidas, como a opera\u00e7\u00e3o Lava Jato, Acr\u00f4nimo, Zelotes, entre outras.<\/p>\n<p>A atual crise institucional e financeira por que passa o nosso Pa\u00eds somente ser\u00e1 debelada se encarada como uma oportunidade para profundas reformas norteadas pelos princ\u00edpios republicanos, especialmente o de que todos s\u00e3o iguais perante a lei, princ\u00edpio este incompat\u00edvel com o foro por prerrogativa de fun\u00e7\u00e3o da forma como est\u00e1 hoje institu\u00eddo.<\/p>\n<p>Os ju\u00edzes federais do Brasil s\u00e3o conscientes de sua responsabilidade e papel no enfrentamento dessa crise e n\u00e3o se calar\u00e3o diante das tentativas inid\u00f4neas de atingir as prerrogativas funcionais que asseguram \u00e0 sociedade um Poder Judici\u00e1rio independente e imparcial.&#8221;<\/p>\n<\/div>\n<\/article>\n","protected":false},"excerpt":{"rendered":"<p>A Associa\u00e7\u00e3o Nacional dos Ju\u00edzes Federais (Ajufe) divulgou uma carta na qual manifesta preocupa\u00e7\u00e3o com os ataques ao Poder Judici\u00e1rio Veja a carta na \u00edntegra: &#8220;N\u00f3s, ju\u00edzes federais reunidos em Assembleia Geral, vimos por meio desta manifestar nossa preocupa\u00e7\u00e3o com os ataques que v\u00eam sendo dirigidos ao Poder Judici\u00e1rio, que se iniciaram, em especial ap\u00f3s a atua\u00e7\u00e3o institucional de Magistrados [&hellip;]<\/p>\n","protected":false},"author":27,"featured_media":0,"comment_status":"open","ping_status":"closed","sticky":false,"template":"","format":"standard","meta":{"footnotes":""},"categories":[2719],"tags":[1405,205,790,260,621,417,1345],"class_list":["post-3604","post","type-post","status-publish","format-standard","hentry","category-servidor","tag-ajufe","tag-corrupcao","tag-fortalecimento","tag-justica","tag-magistrados","tag-ministerio-publico","tag-responsabilidade"],"_links":{"self":[{"href":"https:\/\/blogs.correiobraziliense.com.br\/servidor\/wp-json\/wp\/v2\/posts\/3604","targetHints":{"allow":["GET"]}}],"collection":[{"href":"https:\/\/blogs.correiobraziliense.com.br\/servidor\/wp-json\/wp\/v2\/posts"}],"about":[{"href":"https:\/\/blogs.correiobraziliense.com.br\/servidor\/wp-json\/wp\/v2\/types\/post"}],"author":[{"embeddable":true,"href":"https:\/\/blogs.correiobraziliense.com.br\/servidor\/wp-json\/wp\/v2\/users\/27"}],"replies":[{"embeddable":true,"href":"https:\/\/blogs.correiobraziliense.com.br\/servidor\/wp-json\/wp\/v2\/comments?post=3604"}],"version-history":[{"count":1,"href":"https:\/\/blogs.correiobraziliense.com.br\/servidor\/wp-json\/wp\/v2\/posts\/3604\/revisions"}],"predecessor-version":[{"id":3605,"href":"https:\/\/blogs.correiobraziliense.com.br\/servidor\/wp-json\/wp\/v2\/posts\/3604\/revisions\/3605"}],"wp:attachment":[{"href":"https:\/\/blogs.correiobraziliense.com.br\/servidor\/wp-json\/wp\/v2\/media?parent=3604"}],"wp:term":[{"taxonomy":"category","embeddable":true,"href":"https:\/\/blogs.correiobraziliense.com.br\/servidor\/wp-json\/wp\/v2\/categories?post=3604"},{"taxonomy":"post_tag","embeddable":true,"href":"https:\/\/blogs.correiobraziliense.com.br\/servidor\/wp-json\/wp\/v2\/tags?post=3604"}],"curies":[{"name":"wp","href":"https:\/\/api.w.org\/{rel}","templated":true}]}}