{"id":359,"date":"2015-08-09T18:04:00","date_gmt":"2015-08-09T18:04:00","guid":{"rendered":"https:\/\/blogs.correiobraziliense.com.br\/servidor\/sindicato_dos_metalurgicos_luta_para_reverter_demissoes_na_gm_no_sabado\/"},"modified":"2015-08-09T18:04:00","modified_gmt":"2015-08-09T18:04:00","slug":"sindicato_dos_metalurgicos_luta_para_reverter_demissoes_na_gm_no_sabado","status":"publish","type":"post","link":"https:\/\/blogs.correiobraziliense.com.br\/servidor\/sindicato_dos_metalurgicos_luta_para_reverter_demissoes_na_gm_no_sabado\/","title":{"rendered":"SINDICATO DOS METALURGICOS LUTA PARA REVERTER DEMISS\u00d5ES NA GM, NO S\u00c1BADO"},"content":{"rendered":"<p><i>Nesta segunda-feira, dia 10, haver\u00e1 assembleia dos trabalhadores na f\u00e1brica<\/i><i><\/i><i><\/i><i><\/i> <\/p>\n<p>Metal\u00fargicos  da General Motors de S\u00e3o Jos\u00e9 dos Campos foram surpreendidos em suas  casas, neste s\u00e1bado, dia 8, com avisos de demiss\u00e3o&nbsp; por  telegrama, informou o Sindicato dos Metal\u00fargicos de S\u00e3o Jos\u00e9 dos campos. Ainda n\u00e3o \u00e9 poss\u00edvel conhecer a extens\u00e3o do corte ou os  setores mais afetados, segundo a entidade. &nbsp;Assim  que foi informado pelos trabalhadores sobre as demiss\u00f5es, o Sindicato  procurou representantes da  montadora, que confirmou os cortes. &#8220;O  Sindicato repudia com veem\u00eancia essas demiss\u00f5es. Os cortes acontecem \u00e0s  v\u00e9speras do Dia dos Pais, o que deixou os trabalhadores ainda mais  perplexos&#8221;, diz a nota oficial. &nbsp;Na pr\u00f3xima  segunda-feira, dia 10, o  Sindicato vai fazer uma assembleia na General Motors, na entrada do primeiro turno, a partir das 5h30.  Estar\u00e3o em pauta as demiss\u00f5es e a necessidade de mobiliza\u00e7\u00e3o para  reverter esse quadro. &nbsp;Os  cortes em S\u00e3o Jos\u00e9 dos Campos acontecem um m\u00eas depois de a montadora  ter demitido cerca de 500 trabalhadores na f\u00e1brica de S\u00e3o Caetano do  Sul.&nbsp;&#8220;Diante  dessa postura da GM, que como as outras montadoras tem sido amplamente  beneficiada por incentivos fiscais, o Sindicato vai cobrar do governo  federal a edi\u00e7\u00e3o de uma medida provis\u00f3ria que garanta estabilidade no  emprego&#8221;, informou. &nbsp;Os  metal\u00fargicos tamb\u00e9m exigem a revers\u00e3o das demiss\u00f5es, redu\u00e7\u00e3o da jornada  para 36 horas sem redu\u00e7\u00e3o de sal\u00e1rio, proibi\u00e7\u00e3o da remessa de lucros  para o exterior e estatiza\u00e7\u00e3o das empresas que demitirem.&nbsp;<b>Lay-off<\/b>&nbsp;Nesta  segunda-feira, 750 trabalhadores que estavam em lay-off retornar\u00e3o para  a f\u00e1brica. Eles foram comunicados esta semana de que deveriam retomar  suas atividades.&nbsp;O  lay-off foi resultado de uma forte mobiliza\u00e7\u00e3o ocorrida em fevereiro.  Na ocasi\u00e3o, a GM havia amea\u00e7ado fazer 798 demiss\u00f5es. Os trabalhadores  entraram em greve (de 20 a 26 de fevereiro) e conseguiram que a empresa  adotasse o lay-off por cinco meses, com mais tr\u00eas meses de estabilidade.&nbsp;A  GM de S\u00e3o Jos\u00e9 dos Campos possui cerca de 5.200 trabalhadores e produz  os modelos S10 e Trailblazer, al\u00e9m de motores, transmiss\u00e3o e kits para  exporta\u00e7\u00e3o (CKD).<i> <\/p>\n<p><\/i><i>Bras\u00edlia, 18h04min<\/i>   <\/p>\n","protected":false},"excerpt":{"rendered":"<p>Nesta segunda-feira, dia 10, haver\u00e1 assembleia dos trabalhadores na f\u00e1brica Metal\u00fargicos da General Motors de S\u00e3o Jos\u00e9 dos Campos foram surpreendidos em suas casas, neste s\u00e1bado, dia 8, com avisos de demiss\u00e3o&nbsp; por telegrama, informou o Sindicato dos Metal\u00fargicos de S\u00e3o Jos\u00e9 dos campos. Ainda n\u00e3o \u00e9 poss\u00edvel conhecer a extens\u00e3o do corte ou os setores mais afetados, segundo a [&hellip;]<\/p>\n","protected":false},"author":27,"featured_media":0,"comment_status":"open","ping_status":"open","sticky":false,"template":"","format":"standard","meta":{"footnotes":""},"categories":[1],"tags":[],"class_list":["post-359","post","type-post","status-publish","format-standard","hentry","category-sem-categoria"],"_links":{"self":[{"href":"https:\/\/blogs.correiobraziliense.com.br\/servidor\/wp-json\/wp\/v2\/posts\/359","targetHints":{"allow":["GET"]}}],"collection":[{"href":"https:\/\/blogs.correiobraziliense.com.br\/servidor\/wp-json\/wp\/v2\/posts"}],"about":[{"href":"https:\/\/blogs.correiobraziliense.com.br\/servidor\/wp-json\/wp\/v2\/types\/post"}],"author":[{"embeddable":true,"href":"https:\/\/blogs.correiobraziliense.com.br\/servidor\/wp-json\/wp\/v2\/users\/27"}],"replies":[{"embeddable":true,"href":"https:\/\/blogs.correiobraziliense.com.br\/servidor\/wp-json\/wp\/v2\/comments?post=359"}],"version-history":[{"count":0,"href":"https:\/\/blogs.correiobraziliense.com.br\/servidor\/wp-json\/wp\/v2\/posts\/359\/revisions"}],"wp:attachment":[{"href":"https:\/\/blogs.correiobraziliense.com.br\/servidor\/wp-json\/wp\/v2\/media?parent=359"}],"wp:term":[{"taxonomy":"category","embeddable":true,"href":"https:\/\/blogs.correiobraziliense.com.br\/servidor\/wp-json\/wp\/v2\/categories?post=359"},{"taxonomy":"post_tag","embeddable":true,"href":"https:\/\/blogs.correiobraziliense.com.br\/servidor\/wp-json\/wp\/v2\/tags?post=359"}],"curies":[{"name":"wp","href":"https:\/\/api.w.org\/{rel}","templated":true}]}}