{"id":3574,"date":"2016-11-16T19:38:03","date_gmt":"2016-11-16T21:38:03","guid":{"rendered":"https:\/\/blogs.correiobraziliense.com.br\/servidor\/?p=3574"},"modified":"2016-11-16T19:38:03","modified_gmt":"2016-11-16T21:38:03","slug":"diretoria-executiva-do-sindifisco-rechaca-pedido-de-separacao-da-pauta-nao-remuneratoria-e-remuneratoria","status":"publish","type":"post","link":"https:\/\/blogs.correiobraziliense.com.br\/servidor\/diretoria-executiva-do-sindifisco-rechaca-pedido-de-separacao-da-pauta-nao-remuneratoria-e-remuneratoria\/","title":{"rendered":"Diretoria Executiva do Sindifisco recha\u00e7a pedido de separa\u00e7\u00e3o da pauta n\u00e3o remunerat\u00f3ria e remunerat\u00f3ria"},"content":{"rendered":"<p><em>Uma briga interna toma for\u00e7a. O pedido foi feito por delegados de julgamento do Fisco, diretamente ao governo, e repelida pelo Sindifisco, que n\u00e3o quer ver sua legitimidade afrontada<\/em><\/p>\n<p>Segundo informa\u00e7\u00f5es publicadas no site do Sindifisco, em documento encaminhado ao subsecret\u00e1rio de Tributa\u00e7\u00e3o e Contencioso da Receita Federal do Brasil (Sutri), Luiz Fernando Teixeira Nunes, na \u00faltima segunda-feira (14), os delegados de julgamento do Fisco pediram que Nunes levasse ao secret\u00e1rio do \u00f3rg\u00e3o, Jorge Rachid, o pleito de separa\u00e7\u00e3o das pautas &#8211; n\u00e3o remunerat\u00f3ria e remunerat\u00f3ria, com a edi\u00e7\u00e3o de uma Medida Provis\u00f3ria para tratar apenas da quest\u00e3o do reajuste.<\/p>\n<p>A iniciativa foi recha\u00e7ada pelo Sindifisco Nacional, de acordo com a fonte, &#8220;pois nenhum auditor fiscal ou grupo de auditores est\u00e1 autorizado a apresentar pleitos acerca da pauta da categoria, em respeito \u00e0 assembleia nacional, cuja decis\u00e3o \u00e9 de que a pauta reivindicat\u00f3ria \u00e9 \u00fanica e que o acordo fechado com o governo deve ser cumprido na sua integralidade&#8221;.<\/p>\n<p>A nota divulgada pela rede interna do Sindicato ressalta que, &#8220;estatutariamente, a DEN \u00e9 a \u00fanica que pode representar os auditores fiscais da Receita Federal do Brasil e a entidade s\u00f3 se pronunciar\u00e1 de acordo com as decis\u00f5es tomadas pelo conjunto da classe, em assembleia&#8221;.<\/p>\n<p>A Dire\u00e7\u00e3o Nacional alertou, tamb\u00e9m, que n\u00e3o haver\u00e1 pacifica\u00e7\u00e3o com o governo sem a aprova\u00e7\u00e3o, pelo Legislativo, &#8220;dos termos das pautas n\u00e3o remunerat\u00f3ria e remunerat\u00f3ria, em conformidade com acordo firmado em mar\u00e7o deste ano&#8221;.<\/p>\n","protected":false},"excerpt":{"rendered":"<p>Uma briga interna toma for\u00e7a. O pedido foi feito por delegados de julgamento do Fisco, diretamente ao governo, e repelida pelo Sindifisco, que n\u00e3o quer ver sua legitimidade afrontada Segundo informa\u00e7\u00f5es publicadas no site do Sindifisco, em documento encaminhado ao subsecret\u00e1rio de Tributa\u00e7\u00e3o e Contencioso da Receita Federal do Brasil (Sutri), Luiz Fernando Teixeira Nunes, na \u00faltima segunda-feira (14), os [&hellip;]<\/p>\n","protected":false},"author":27,"featured_media":0,"comment_status":"open","ping_status":"closed","sticky":false,"template":"","format":"standard","meta":{"footnotes":""},"categories":[2719],"tags":[379,232,108,109,1949,17,294,1559,4331,597],"class_list":["post-3574","post","type-post","status-publish","format-standard","hentry","category-servidor","tag-categoria","tag-delegados","tag-diretoria","tag-executiva","tag-julgamento","tag-pauta","tag-receita-federal","tag-remuneratoria","tag-separacao","tag-sindifisco"],"_links":{"self":[{"href":"https:\/\/blogs.correiobraziliense.com.br\/servidor\/wp-json\/wp\/v2\/posts\/3574","targetHints":{"allow":["GET"]}}],"collection":[{"href":"https:\/\/blogs.correiobraziliense.com.br\/servidor\/wp-json\/wp\/v2\/posts"}],"about":[{"href":"https:\/\/blogs.correiobraziliense.com.br\/servidor\/wp-json\/wp\/v2\/types\/post"}],"author":[{"embeddable":true,"href":"https:\/\/blogs.correiobraziliense.com.br\/servidor\/wp-json\/wp\/v2\/users\/27"}],"replies":[{"embeddable":true,"href":"https:\/\/blogs.correiobraziliense.com.br\/servidor\/wp-json\/wp\/v2\/comments?post=3574"}],"version-history":[{"count":1,"href":"https:\/\/blogs.correiobraziliense.com.br\/servidor\/wp-json\/wp\/v2\/posts\/3574\/revisions"}],"predecessor-version":[{"id":3575,"href":"https:\/\/blogs.correiobraziliense.com.br\/servidor\/wp-json\/wp\/v2\/posts\/3574\/revisions\/3575"}],"wp:attachment":[{"href":"https:\/\/blogs.correiobraziliense.com.br\/servidor\/wp-json\/wp\/v2\/media?parent=3574"}],"wp:term":[{"taxonomy":"category","embeddable":true,"href":"https:\/\/blogs.correiobraziliense.com.br\/servidor\/wp-json\/wp\/v2\/categories?post=3574"},{"taxonomy":"post_tag","embeddable":true,"href":"https:\/\/blogs.correiobraziliense.com.br\/servidor\/wp-json\/wp\/v2\/tags?post=3574"}],"curies":[{"name":"wp","href":"https:\/\/api.w.org\/{rel}","templated":true}]}}