{"id":3568,"date":"2016-11-16T18:16:18","date_gmt":"2016-11-16T20:16:18","guid":{"rendered":"https:\/\/blogs.correiobraziliense.com.br\/servidor\/?p=3568"},"modified":"2016-11-16T18:20:11","modified_gmt":"2016-11-16T20:20:11","slug":"rachid-recebera-sindifisco-as-19-horas","status":"publish","type":"post","link":"https:\/\/blogs.correiobraziliense.com.br\/servidor\/rachid-recebera-sindifisco-as-19-horas\/","title":{"rendered":"Rachid se re\u00fane, nesse momento, com Sindifisco e Anfip"},"content":{"rendered":"<p><em>O secret\u00e1rio da Receita Federal, Jorge Rachid, na tentativa de amenizar a crise que se instalou no \u00f3rg\u00e3o, est\u00e1 agora em seu gabinete, com representantes do Sindicato Nacional dos Auditores Fiscais da Receita Federal (Sindifisco) e da Associa\u00e7\u00e3o Nacional dos Auditores da Receita (Anfip), que representa a maioria dos aposentados.\u00a0 Sindireceita, que representa os analistas, n\u00e3o foi convidado, informou a presidente Silvia Alencar.<\/em><\/p>\n<p>Amanh\u00e3, de acordo com os boatos, superintendentes e delegados do Fisco de todo o pa\u00eds vir\u00e3o a Bras\u00edlia. O intuito inicial era pressionar o ministro da Fazenda, Henrique Meirelles. Como o chefe da pasta est\u00e1 em Nova Iorque at\u00e9 sexta-feira, os administradores da Receita pretendem se encontrar com o secret\u00e1rio-executivo da Fazenda, Eduardo Refinetti Guardia &#8211; ainda sem hor\u00e1rio na agenda<\/p>\n","protected":false},"excerpt":{"rendered":"<p>O secret\u00e1rio da Receita Federal, Jorge Rachid, na tentativa de amenizar a crise que se instalou no \u00f3rg\u00e3o, est\u00e1 agora em seu gabinete, com representantes do Sindicato Nacional dos Auditores Fiscais da Receita Federal (Sindifisco) e da Associa\u00e7\u00e3o Nacional dos Auditores da Receita (Anfip), que representa a maioria dos aposentados.\u00a0 Sindireceita, que representa os analistas, n\u00e3o foi convidado, informou a [&hellip;]<\/p>\n","protected":false},"author":27,"featured_media":0,"comment_status":"open","ping_status":"closed","sticky":false,"template":"","format":"standard","meta":{"footnotes":""},"categories":[2719],"tags":[771,232,4325,4326,2111,2931,4324,597,459,4085],"class_list":["post-3568","post","type-post","status-publish","format-standard","hentry","category-servidor","tag-anfip","tag-delegados","tag-fazena","tag-guardia","tag-meirelles","tag-rachid","tag-recebera","tag-sindifisco","tag-sindireceita","tag-superintendentes"],"_links":{"self":[{"href":"https:\/\/blogs.correiobraziliense.com.br\/servidor\/wp-json\/wp\/v2\/posts\/3568","targetHints":{"allow":["GET"]}}],"collection":[{"href":"https:\/\/blogs.correiobraziliense.com.br\/servidor\/wp-json\/wp\/v2\/posts"}],"about":[{"href":"https:\/\/blogs.correiobraziliense.com.br\/servidor\/wp-json\/wp\/v2\/types\/post"}],"author":[{"embeddable":true,"href":"https:\/\/blogs.correiobraziliense.com.br\/servidor\/wp-json\/wp\/v2\/users\/27"}],"replies":[{"embeddable":true,"href":"https:\/\/blogs.correiobraziliense.com.br\/servidor\/wp-json\/wp\/v2\/comments?post=3568"}],"version-history":[{"count":3,"href":"https:\/\/blogs.correiobraziliense.com.br\/servidor\/wp-json\/wp\/v2\/posts\/3568\/revisions"}],"predecessor-version":[{"id":3571,"href":"https:\/\/blogs.correiobraziliense.com.br\/servidor\/wp-json\/wp\/v2\/posts\/3568\/revisions\/3571"}],"wp:attachment":[{"href":"https:\/\/blogs.correiobraziliense.com.br\/servidor\/wp-json\/wp\/v2\/media?parent=3568"}],"wp:term":[{"taxonomy":"category","embeddable":true,"href":"https:\/\/blogs.correiobraziliense.com.br\/servidor\/wp-json\/wp\/v2\/categories?post=3568"},{"taxonomy":"post_tag","embeddable":true,"href":"https:\/\/blogs.correiobraziliense.com.br\/servidor\/wp-json\/wp\/v2\/tags?post=3568"}],"curies":[{"name":"wp","href":"https:\/\/api.w.org\/{rel}","templated":true}]}}