{"id":3566,"date":"2016-11-16T17:49:52","date_gmt":"2016-11-16T19:49:52","guid":{"rendered":"https:\/\/blogs.correiobraziliense.com.br\/servidor\/?p=3566"},"modified":"2016-11-16T17:49:52","modified_gmt":"2016-11-16T19:49:52","slug":"votacao-dos-destaques-ao-projeto-de-reajuste-dos-servidores-da-receita-e-novamente-adiado","status":"publish","type":"post","link":"https:\/\/blogs.correiobraziliense.com.br\/servidor\/votacao-dos-destaques-ao-projeto-de-reajuste-dos-servidores-da-receita-e-novamente-adiado\/","title":{"rendered":"Vota\u00e7\u00e3o dos destaques ao projeto de reajuste dos servidores da Receita \u00e9 novamente adiado"},"content":{"rendered":"<p><em>Presidente da comiss\u00e3o que analisa a proposta remarcou a an\u00e1lise dos destaques para a pr\u00f3xima ter\u00e7a-feira (22\/11). Auditores est\u00e3o indignados. Acham que o governo n\u00e3o se esfor\u00e7ou o suficiente para apoi\u00e1-los. <\/em><\/p>\n<p>N\u00e3o houve quo\u00f3rum para a an\u00e1lise dos destaques ao PL 5.864\/16, que reestrutura a carreira dos servidores do Fisco. O presidente da Comiss\u00e3o Especial, deputado Julio Delgado (PSB\/MG) informou que os trabalhos dever\u00e3o retornar apenas na pr\u00f3xima ter\u00e7a-feira. &#8220;O governo sangra, precisa de recursos, mas n\u00e3o age para resolver. Sequer sinaliza uma solu\u00e7\u00e3o. Isso n\u00e3o d\u00e1 para entender&#8221;, destacou Waltoedson Dourado, presidente do Sindicato Nacional dos Auditores-Fiscais da Receita Federal (Sindifisco\/DF).<\/p>\n<p>Boatos de dentro da pr\u00f3pria Receita d\u00e3o conta de que h\u00e1 uma inten\u00e7\u00e3o, que vem crescendo, de destituir o secret\u00e1rio da Receita, Jorge Rachid. &#8220;O relator do PL, deputado Wellington Roberto, disse que Rachid tem dois discursos. Entre Rachid e Roberto, a classe acredita mais no parlamentar. Os auditores se sentem sozinhos, sem o apoio da administra\u00e7\u00e3o. Nunca vi isso&#8221;, assinalou uma fonte que n\u00e3o quis se identificar.<\/p>\n","protected":false},"excerpt":{"rendered":"<p>Presidente da comiss\u00e3o que analisa a proposta remarcou a an\u00e1lise dos destaques para a pr\u00f3xima ter\u00e7a-feira (22\/11). Auditores est\u00e3o indignados. Acham que o governo n\u00e3o se esfor\u00e7ou o suficiente para apoi\u00e1-los. N\u00e3o houve quo\u00f3rum para a an\u00e1lise dos destaques ao PL 5.864\/16, que reestrutura a carreira dos servidores do Fisco. O presidente da Comiss\u00e3o Especial, deputado Julio Delgado (PSB\/MG) informou [&hellip;]<\/p>\n","protected":false},"author":27,"featured_media":0,"comment_status":"open","ping_status":"closed","sticky":false,"template":"","format":"standard","meta":{"footnotes":""},"categories":[2719],"tags":[1581,31,4233,247,98,4323,101,63,316,58,1498],"class_list":["post-3566","post","type-post","status-publish","format-standard","hentry","category-servidor","tag-adiado","tag-auditores","tag-destaques","tag-fisco","tag-governo","tag-indiganados","tag-projeto","tag-reajuste","tag-recursos","tag-servidores","tag-votacao"],"_links":{"self":[{"href":"https:\/\/blogs.correiobraziliense.com.br\/servidor\/wp-json\/wp\/v2\/posts\/3566","targetHints":{"allow":["GET"]}}],"collection":[{"href":"https:\/\/blogs.correiobraziliense.com.br\/servidor\/wp-json\/wp\/v2\/posts"}],"about":[{"href":"https:\/\/blogs.correiobraziliense.com.br\/servidor\/wp-json\/wp\/v2\/types\/post"}],"author":[{"embeddable":true,"href":"https:\/\/blogs.correiobraziliense.com.br\/servidor\/wp-json\/wp\/v2\/users\/27"}],"replies":[{"embeddable":true,"href":"https:\/\/blogs.correiobraziliense.com.br\/servidor\/wp-json\/wp\/v2\/comments?post=3566"}],"version-history":[{"count":1,"href":"https:\/\/blogs.correiobraziliense.com.br\/servidor\/wp-json\/wp\/v2\/posts\/3566\/revisions"}],"predecessor-version":[{"id":3567,"href":"https:\/\/blogs.correiobraziliense.com.br\/servidor\/wp-json\/wp\/v2\/posts\/3566\/revisions\/3567"}],"wp:attachment":[{"href":"https:\/\/blogs.correiobraziliense.com.br\/servidor\/wp-json\/wp\/v2\/media?parent=3566"}],"wp:term":[{"taxonomy":"category","embeddable":true,"href":"https:\/\/blogs.correiobraziliense.com.br\/servidor\/wp-json\/wp\/v2\/categories?post=3566"},{"taxonomy":"post_tag","embeddable":true,"href":"https:\/\/blogs.correiobraziliense.com.br\/servidor\/wp-json\/wp\/v2\/tags?post=3566"}],"curies":[{"name":"wp","href":"https:\/\/api.w.org\/{rel}","templated":true}]}}