{"id":3562,"date":"2016-11-16T14:17:39","date_gmt":"2016-11-16T16:17:39","guid":{"rendered":"https:\/\/blogs.correiobraziliense.com.br\/servidor\/?p=3562"},"modified":"2016-11-16T14:17:39","modified_gmt":"2016-11-16T16:17:39","slug":"posse-da-diretoria-da-publica-central-do-servidor-no-distrito-federal","status":"publish","type":"post","link":"https:\/\/blogs.correiobraziliense.com.br\/servidor\/posse-da-diretoria-da-publica-central-do-servidor-no-distrito-federal\/","title":{"rendered":"Posse da diretoria da P\u00fablica-Central do Servidor no Distrito Federal"},"content":{"rendered":"<div class=\"gmail_default\">Nesta quinta-feira, dia 17, haver\u00e1 a posse da diretoria provis\u00f3ria da P\u00fablica &#8211; Central do Servidor no Distrito Federal. A cerim\u00f4nia ser\u00e1 \u00e0s 10 horas, no Setor de Autarquias Sul, quadra 6, edif\u00edcio Belvedere, 7\u00ba andar, em Bras\u00edlia.<\/div>\n<div class=\"gmail_default\"><\/div>\n<div class=\"gmail_default\">A central sindical, segundo a diretoria, concentra as aspira\u00e7\u00f5es contempor\u00e2neas dos servidores p\u00fablicos dos tr\u00eas Poderes e das tr\u00eas esferas e a posse \u00e9 um ato de expans\u00e3o da P\u00fablica, que \u00e9 exclusiva de servidores e que vem conquistando o apoio de todas as categorias e inst\u00e2ncias do pa\u00eds.<\/div>\n","protected":false},"excerpt":{"rendered":"<p>Nesta quinta-feira, dia 17, haver\u00e1 a posse da diretoria provis\u00f3ria da P\u00fablica &#8211; Central do Servidor no Distrito Federal. A cerim\u00f4nia ser\u00e1 \u00e0s 10 horas, no Setor de Autarquias Sul, quadra 6, edif\u00edcio Belvedere, 7\u00ba andar, em Bras\u00edlia. A central sindical, segundo a diretoria, concentra as aspira\u00e7\u00f5es contempor\u00e2neas dos servidores p\u00fablicos dos tr\u00eas Poderes e das tr\u00eas esferas e a [&hellip;]<\/p>\n","protected":false},"author":27,"featured_media":0,"comment_status":"open","ping_status":"closed","sticky":false,"template":"","format":"standard","meta":{"footnotes":""},"categories":[2719],"tags":[1516,108,868,147,58,4319],"class_list":["post-3562","post","type-post","status-publish","format-standard","hentry","category-servidor","tag-central","tag-diretoria","tag-posse","tag-publica","tag-servidores","tag-sindical"],"_links":{"self":[{"href":"https:\/\/blogs.correiobraziliense.com.br\/servidor\/wp-json\/wp\/v2\/posts\/3562","targetHints":{"allow":["GET"]}}],"collection":[{"href":"https:\/\/blogs.correiobraziliense.com.br\/servidor\/wp-json\/wp\/v2\/posts"}],"about":[{"href":"https:\/\/blogs.correiobraziliense.com.br\/servidor\/wp-json\/wp\/v2\/types\/post"}],"author":[{"embeddable":true,"href":"https:\/\/blogs.correiobraziliense.com.br\/servidor\/wp-json\/wp\/v2\/users\/27"}],"replies":[{"embeddable":true,"href":"https:\/\/blogs.correiobraziliense.com.br\/servidor\/wp-json\/wp\/v2\/comments?post=3562"}],"version-history":[{"count":1,"href":"https:\/\/blogs.correiobraziliense.com.br\/servidor\/wp-json\/wp\/v2\/posts\/3562\/revisions"}],"predecessor-version":[{"id":3563,"href":"https:\/\/blogs.correiobraziliense.com.br\/servidor\/wp-json\/wp\/v2\/posts\/3562\/revisions\/3563"}],"wp:attachment":[{"href":"https:\/\/blogs.correiobraziliense.com.br\/servidor\/wp-json\/wp\/v2\/media?parent=3562"}],"wp:term":[{"taxonomy":"category","embeddable":true,"href":"https:\/\/blogs.correiobraziliense.com.br\/servidor\/wp-json\/wp\/v2\/categories?post=3562"},{"taxonomy":"post_tag","embeddable":true,"href":"https:\/\/blogs.correiobraziliense.com.br\/servidor\/wp-json\/wp\/v2\/tags?post=3562"}],"curies":[{"name":"wp","href":"https:\/\/api.w.org\/{rel}","templated":true}]}}