{"id":3560,"date":"2016-11-16T14:06:39","date_gmt":"2016-11-16T16:06:39","guid":{"rendered":"https:\/\/blogs.correiobraziliense.com.br\/servidor\/?p=3560"},"modified":"2016-11-16T14:06:39","modified_gmt":"2016-11-16T16:06:39","slug":"fenapef-convoca-os-sindicalizados-nao-participarem-de-solenidade-pelo-dia-do-policial-federal","status":"publish","type":"post","link":"https:\/\/blogs.correiobraziliense.com.br\/servidor\/fenapef-convoca-os-sindicalizados-nao-participarem-de-solenidade-pelo-dia-do-policial-federal\/","title":{"rendered":"A Fenapef convoca os sindicalizados a n\u00e3o participarem de solenidade pelo dia do policial federal"},"content":{"rendered":"<p><em>Por meio de nota, a\u00a0 Federa\u00e7\u00e3o Nacional dos Policiais Federais (Fenapef) convocou os sindicatos filiados e orientou todos os servidores sindicalizados a n\u00e3o participarem das solenidades pelo Dia do Policial Federal, agendadas para hoje (16\/11), pela administra\u00e7\u00e3o do DPF em alguns Estados e Distrito Federal, mesmo as que foram custeadas pelas entidades de classe, em protesto pela atitude do diretor-geral da Pol\u00edcia Federal consolidada na edi\u00e7\u00e3o da Instru\u00e7\u00e3o Normativa n\u00ba 108\/2016-DG\/PF.<\/em><\/p>\n<p>&#8220;A decis\u00e3o foi tomada pelo Conselho de Representantes da Fenapef, em videoconfer\u00eancia na \u00faltima sexta-feira (11) e tem o intuito de demonstrar o rep\u00fadio da categoria ao desrespeito e menosprezo com que vem sendo tratada pela dire\u00e7\u00e3o-geral do DPF, na pessoa do Sr. Leandro Daiello, que mais uma vez exibe publicamente uma gest\u00e3o parcial e corporativa, privilegiando o cargo que ocupa em detrimento dos agentes, escriv\u00e3es, papiloscopistas e servidores administrativos do \u00f3rg\u00e3o, que efetivamente se dedicam \u00e0s suas fun\u00e7\u00f5es constitucionais que enaltecem o nome da institui\u00e7\u00e3o&#8221;, destacou a nota.<\/p>\n<p>Na nova instru\u00e7\u00e3o normativa, explicou a Fenapef, que foi constru\u00edda somente com a participa\u00e7\u00e3o dos delegados e peritos, foi inclu\u00edda medida inconstitucional de tratar dos demais cargos de \u201cservidores auxiliares\u201d de delegados, criando organiza\u00e7\u00e3o interna com prerrogativas e privil\u00e9gios que configuram em desvio de finalidade administrativa e contrariam o interesse p\u00fablico.<\/p>\n<p>&#8220;No Dia do Policial Federal, em 16 de novembro, a alegria de sermos policiais federais ser\u00e1 demonstrada em fam\u00edlia, junto a amigos e pessoas que admiram a Pol\u00edcia Federal que constru\u00edmos, e junto a verdadeiros colegas que t\u00eam a exata no\u00e7\u00e3o do sentido da lealdade, do trabalho em equipe e do esp\u00edrito de corpo que deve existir entre policiais&#8221;, destacou a entidade.<\/p>\n","protected":false},"excerpt":{"rendered":"<p>Por meio de nota, a\u00a0 Federa\u00e7\u00e3o Nacional dos Policiais Federais (Fenapef) convocou os sindicatos filiados e orientou todos os servidores sindicalizados a n\u00e3o participarem das solenidades pelo Dia do Policial Federal, agendadas para hoje (16\/11), pela administra\u00e7\u00e3o do DPF em alguns Estados e Distrito Federal, mesmo as que foram custeadas pelas entidades de classe, em protesto pela atitude do diretor-geral [&hellip;]<\/p>\n","protected":false},"author":27,"featured_media":0,"comment_status":"open","ping_status":"closed","sticky":false,"template":"","format":"standard","meta":{"footnotes":""},"categories":[2719],"tags":[1191,229,4318,255,232,4316,788,107,4317,789,718,4314,4315],"class_list":["post-3560","post","type-post","status-publish","format-standard","hentry","category-servidor","tag-administracao","tag-agentes","tag-auxiliares","tag-convoca","tag-delegados","tag-dia-do-policial-federal","tag-escrivaes","tag-fenapef","tag-instrucao-normativa","tag-papiloscopistas","tag-protesto","tag-sindicalizados","tag-solenidade"],"_links":{"self":[{"href":"https:\/\/blogs.correiobraziliense.com.br\/servidor\/wp-json\/wp\/v2\/posts\/3560","targetHints":{"allow":["GET"]}}],"collection":[{"href":"https:\/\/blogs.correiobraziliense.com.br\/servidor\/wp-json\/wp\/v2\/posts"}],"about":[{"href":"https:\/\/blogs.correiobraziliense.com.br\/servidor\/wp-json\/wp\/v2\/types\/post"}],"author":[{"embeddable":true,"href":"https:\/\/blogs.correiobraziliense.com.br\/servidor\/wp-json\/wp\/v2\/users\/27"}],"replies":[{"embeddable":true,"href":"https:\/\/blogs.correiobraziliense.com.br\/servidor\/wp-json\/wp\/v2\/comments?post=3560"}],"version-history":[{"count":1,"href":"https:\/\/blogs.correiobraziliense.com.br\/servidor\/wp-json\/wp\/v2\/posts\/3560\/revisions"}],"predecessor-version":[{"id":3561,"href":"https:\/\/blogs.correiobraziliense.com.br\/servidor\/wp-json\/wp\/v2\/posts\/3560\/revisions\/3561"}],"wp:attachment":[{"href":"https:\/\/blogs.correiobraziliense.com.br\/servidor\/wp-json\/wp\/v2\/media?parent=3560"}],"wp:term":[{"taxonomy":"category","embeddable":true,"href":"https:\/\/blogs.correiobraziliense.com.br\/servidor\/wp-json\/wp\/v2\/categories?post=3560"},{"taxonomy":"post_tag","embeddable":true,"href":"https:\/\/blogs.correiobraziliense.com.br\/servidor\/wp-json\/wp\/v2\/tags?post=3560"}],"curies":[{"name":"wp","href":"https:\/\/api.w.org\/{rel}","templated":true}]}}