{"id":356,"date":"2015-08-07T18:01:00","date_gmt":"2015-08-07T18:01:00","guid":{"rendered":"https:\/\/blogs.correiobraziliense.com.br\/servidor\/nota_publica_da_associacao_nacional_dos_delegados_da_policia_federal\/"},"modified":"2015-08-07T18:01:00","modified_gmt":"2015-08-07T18:01:00","slug":"nota_publica_da_associacao_nacional_dos_delegados_da_policia_federal","status":"publish","type":"post","link":"https:\/\/blogs.correiobraziliense.com.br\/servidor\/nota_publica_da_associacao_nacional_dos_delegados_da_policia_federal\/","title":{"rendered":"NOTA P\u00daBLICA DA ASSOCIA\u00c7\u00c3O NACIONAL DOS DELEGADOS DA POL\u00cdCIA FEDERAL"},"content":{"rendered":"<p><i>ADPF repudia declara\u00e7\u00f5es do ministro do Planejamento, Nelson Barbosa<\/i>  <\/p>\n<p>A Associa\u00e7\u00e3o Nacional dos Delegados de Pol\u00edcia Federal (ADPF) divulgou nota repudiando as  declara\u00e7\u00f5es do Ministro do Planejamento, Nelson Barbosa, que afirmou:  &#8220;n\u00e3o se deve constitucionalizar negocia\u00e7\u00f5es salariais de servidores&#8221;  mediante a vincula\u00e7\u00e3o de subs\u00eddios das carreiras jur\u00eddicas \u00e0 remunera\u00e7\u00e3o  de ministros do Supremo Tribunal Federal (STF). <\/p>\n<p>De acordo com a ADPF, a Constitui\u00e7\u00e3o Federal de 1988 estabelece que nenhum servidor p\u00fablico  ter\u00e1 subs\u00eddio superior ao de um Ministro do STF. Nesse contexto a PEC  443 simplesmente disp\u00f5e sobre um subteto de 90,25% para as carreiras  jur\u00eddicas dos delegados, advogados e defensores p\u00fablicos. Como ali\u00e1s j\u00e1  ocorre na magistratura e no Minist\u00e9rio P\u00fablico. &#8220;Portanto, a PEC 443 tem  como finalidade o fim do tratamento diferenciado entre as carreiras  jur\u00eddicas de estado&#8221;, ressaltou.  <\/p>\n<p> &#8220;Cabe esclarecer ainda que n\u00e3o procede o impacto imediato informado pelo  Minist\u00e9rio do Planejamento, pois depois de promulgada, a PEC s\u00f3  produzir\u00e1 efeitos a partir dos dois anos seguintes e ainda depender\u00e1 de lei  do Poder Executivo que discipline os limites remunerat\u00f3rios  estabelecidos para as diversas classes dos 2861 Delegados Federais.  <\/p>\n<p> Em s\u00edntese, nenhum delegado de Pol\u00edcia Federal ocupante da mais elevada  classe da carreira poder\u00e1 perceber subs\u00eddio superior ao subteto  estabelecido. E na Pol\u00edcia Federal n\u00e3o tem burla aos limites  remunerat\u00f3rios fixados na Constitui\u00e7\u00e3o.  <\/p>\n<p> No tocante a suposta negocia\u00e7\u00e3o salarial no Executivo, no dia 4 de  agosto, o Minist\u00e9rio do Planejamento, reiterou a proposta de reajuste  salarial de 21,3% em quatro anos, al\u00e9m de informar que n\u00e3o tem qualquer  resposta \u00e0 proposta de reestrutura\u00e7\u00e3o da Pol\u00edcia Federal.  <\/p>\n<p> Para os delegados federais o tratamento dispensado pelo governo \u00e0  carreira e \u00e0 Pol\u00edcia Federal n\u00e3o condiz com a relev\u00e2ncia de ambas. N\u00e3o  havendo sentido em continuar uma negocia\u00e7\u00e3o, sem passar pela necess\u00e1ria e  desejada reestrutura\u00e7\u00e3o da institui\u00e7\u00e3o.&#8221;<i>  <\/p>\n<p><\/i><i>Bras\u00edlia, 18h00min<\/i>   <\/p>\n","protected":false},"excerpt":{"rendered":"<p>ADPF repudia declara\u00e7\u00f5es do ministro do Planejamento, Nelson Barbosa A Associa\u00e7\u00e3o Nacional dos Delegados de Pol\u00edcia Federal (ADPF) divulgou nota repudiando as declara\u00e7\u00f5es do Ministro do Planejamento, Nelson Barbosa, que afirmou: &#8220;n\u00e3o se deve constitucionalizar negocia\u00e7\u00f5es salariais de servidores&#8221; mediante a vincula\u00e7\u00e3o de subs\u00eddios das carreiras jur\u00eddicas \u00e0 remunera\u00e7\u00e3o de ministros do Supremo Tribunal Federal (STF). De acordo com a [&hellip;]<\/p>\n","protected":false},"author":27,"featured_media":0,"comment_status":"open","ping_status":"open","sticky":false,"template":"","format":"standard","meta":{"footnotes":""},"categories":[1],"tags":[],"class_list":["post-356","post","type-post","status-publish","format-standard","hentry","category-sem-categoria"],"_links":{"self":[{"href":"https:\/\/blogs.correiobraziliense.com.br\/servidor\/wp-json\/wp\/v2\/posts\/356","targetHints":{"allow":["GET"]}}],"collection":[{"href":"https:\/\/blogs.correiobraziliense.com.br\/servidor\/wp-json\/wp\/v2\/posts"}],"about":[{"href":"https:\/\/blogs.correiobraziliense.com.br\/servidor\/wp-json\/wp\/v2\/types\/post"}],"author":[{"embeddable":true,"href":"https:\/\/blogs.correiobraziliense.com.br\/servidor\/wp-json\/wp\/v2\/users\/27"}],"replies":[{"embeddable":true,"href":"https:\/\/blogs.correiobraziliense.com.br\/servidor\/wp-json\/wp\/v2\/comments?post=356"}],"version-history":[{"count":0,"href":"https:\/\/blogs.correiobraziliense.com.br\/servidor\/wp-json\/wp\/v2\/posts\/356\/revisions"}],"wp:attachment":[{"href":"https:\/\/blogs.correiobraziliense.com.br\/servidor\/wp-json\/wp\/v2\/media?parent=356"}],"wp:term":[{"taxonomy":"category","embeddable":true,"href":"https:\/\/blogs.correiobraziliense.com.br\/servidor\/wp-json\/wp\/v2\/categories?post=356"},{"taxonomy":"post_tag","embeddable":true,"href":"https:\/\/blogs.correiobraziliense.com.br\/servidor\/wp-json\/wp\/v2\/tags?post=356"}],"curies":[{"name":"wp","href":"https:\/\/api.w.org\/{rel}","templated":true}]}}