{"id":3551,"date":"2016-11-16T09:00:15","date_gmt":"2016-11-16T11:00:15","guid":{"rendered":"https:\/\/blogs.correiobraziliense.com.br\/servidor\/?p=3551"},"modified":"2016-11-15T18:38:07","modified_gmt":"2016-11-15T20:38:07","slug":"otimismo-do-gdf-surpreende-especialista-em-financas-publicas","status":"publish","type":"post","link":"https:\/\/blogs.correiobraziliense.com.br\/servidor\/otimismo-do-gdf-surpreende-especialista-em-financas-publicas\/","title":{"rendered":"Otimismo do GDF surpreende especialista em finan\u00e7as p\u00fablicas"},"content":{"rendered":"<p><em>\u201cNossos servidores respondem por uma boa parcela do consumo. Temos honrado o compromisso de n\u00e3o atrasar sal\u00e1rios e isso transmite seguran\u00e7a para os gastos de fim de ano, por exemplo\u201d, afirmou o secret\u00e1rio adjunto do trabalho do GDF, Thiago Jarjour. <\/em><\/p>\n<p><em>\u201cAqui no GDF, se nenhuma medida s\u00e9ria de ajuste for tomada, os servidores podem se preparar para viver o que vem ocorrendo nos Estados vizinhos\u201d, alertou o economista Jos\u00e9 Matias-Pereira, especialista em finan\u00e7as p\u00fablicas da Universidade de Bras\u00edlia (UnB).<\/em><\/p>\n<p><strong>FRANCISCO MARQUES<\/strong><\/p>\n<p><strong>VERA BATISTA<\/strong><\/p>\n<p>A taxa de desemprego em Bras\u00edlia dever\u00e1 cair pelo quarto m\u00eas consecutivo, segundo previs\u00e3o do secret\u00e1rio adjunto do trabalho, Thiago Jarjour. O otimismo do secret\u00e1rio tem por base um cen\u00e1rio de maior estabilidade na economia que ele credita, em parte, ao pagamento em dia dos sal\u00e1rios pelo GDF, incluindo o d\u00e9cimo terceiro \u2013 uma dificuldade enfrentada por muitas capitais brasileiras. \u201cNossos servidores respondem por uma boa parcela do consumo. Temos honrado o compromisso de n\u00e3o atrasar sal\u00e1rios e isso transmite seguran\u00e7a para os gastos de fim de ano, por exemplo\u201d, afirmou.<\/p>\n<p>Para Jarjour, alguns programas do Governo do Distrito Federal (GDF) tamb\u00e9m t\u00eam contribu\u00eddo para o aquecimento do com\u00e9rcio e cria\u00e7\u00e3o de novos postos de trabalho, como o \u00a0Prospera, de concess\u00e3o de empr\u00e9stimo orientado para pequenos empreendedores informais e microempresas sem acesso ao sistema financeiro tradicional. \u201cAt\u00e9 o final do ano, teremos liberado R$ 9 milh\u00f5es, fortalecendo os nossos empreendedores, que acabam gerando mais empregos\u201d. O Qualifica Mais Bras\u00edlia, outra iniciativa do GDF, por sua vez, oferece 21 cursos de capacita\u00e7\u00e3o profissional \u00e0 dist\u00e2ncia e tem preparado milhares de pessoas para o mercado de trabalho (desde que foi criado, o programa registrou 30 mil matr\u00edculas, tr\u00eas vezes mais do que o previsto).<\/p>\n<p>\u201cAl\u00e9m de gratuito, o Qualifica vem demonstrando ser o mais eficiente j\u00e1 implementado no DF e o menos dispendioso para os cofres p\u00fablicos\u201d, informou o secret\u00e1rio. \u201cCusta menos de 10% do que o gasto pelo Qualificopa, por exemplo, programa de capacita\u00e7\u00e3o para o Mundial de futebol de 2014, que teve um n\u00famero de interessados bem abaixo do estimado\u201d.<\/p>\n<p><strong>Controv\u00e9rsias<\/strong><\/p>\n<p>No entender do economista Jos\u00e9 Matias-Pereira, especialista em finan\u00e7as p\u00fablicas da Universidade de Bras\u00edlia (UnB), a euforia do secret\u00e1rio adjunto do trabalho, Thiago Jarjour, n\u00e3o tem sustenta\u00e7\u00e3o t\u00e9cnica. \u201cQuando se olha a conjuntura nacional como um todo \u2013 e o Distrito Federal faz parte dela -, qualquer manifesta\u00e7\u00e3o no sentido de que as coisas v\u00e3o melhorar \u00e9 algo que caminha na contram\u00e3o da realidade. N\u00e3o posso concordar com essa vis\u00e3o otimista\u201d, assinalou. Segundo ele, a cidade, que n\u00e3o conta com forte setor industrial, tende a enfrentar ainda muita dificuldade daqui para frente, como todo o resto do pa\u00eds.<\/p>\n<p>Os que est\u00e3o fora do mercado de trabalho v\u00e3o se deparar com muitos contratempos, refor\u00e7ou Matias-Pereira, tendo em vista que a taxa de desemprego no DF, de 18,4% em setembro, segundo a Pesquisa de Emprego e Desemprego da Companhia de Desenvolvimento do Distrito Federal (Codeplan), teve leve queda em rela\u00e7\u00e3o a agosto (18,9%), mas continuou bem maior que a de setembro de 2015 (14,6%). A economia do DF \u00e9 baseada, de um lado, no setor de servi\u00e7os e, do outro, no setor governamental, lembrou o professor.<\/p>\n<p>Os governos, no entanto, vivem momento de conten\u00e7\u00e3o de despesas que, inclusive, levou ao cancelamento de concursos p\u00fablicos. E as contrata\u00e7\u00f5es de fim de ano no setor de servi\u00e7os, na grande maioria, s\u00e3o tempor\u00e1rias. \u201cO que significa que, no in\u00edcio do ano que vem, os que agora conseguiram vaga, voltar\u00e3o a engordar os \u00edndices de desemprego\u201d, assinalou Matias-Pereira. \u201cOs indicadores econ\u00f4micos apontam que uma poss\u00edvel retomada da economia somente ocorrer\u00e1 no in\u00edcio do quarto trimestre de 2017. At\u00e9 l\u00e1, n\u00e3o faz sentido imaginar revers\u00e3o do quadro atual\u201d.<\/p>\n<p>Outro detalhe considerado importante pelo economista \u00e9 o fato de que o pr\u00f3prio governador Rodrigo Rollemberg, ap\u00f3s anunciar um buraco de R$ 76 milh\u00f5es para o pagamento dos sal\u00e1rios dos servidores em outubro, em seguida, honrou o compromisso. Mas admitiu que s\u00f3 conseguiu a proeza gra\u00e7as ao programa de refinanciamento de d\u00edvidas (Refis). Vale lembrar que a folha de pagamento do GDF \u00e9 de R$ 1,6 bilh\u00e3o, sem incluir a \u00faltima parcela de reajuste dos servidores. O valor representa cerca de 77% da arrecada\u00e7\u00e3o do governo.<\/p>\n<p>Matias-Pereira ressaltou que mais de 11 estados brasileiros est\u00e3o com s\u00e9rios problemas financeiros, principalmente o Rio de Janeiro e o Rio Grande do Sul, apesar de todos os recursos que recebem da Uni\u00e3o. E o que se constatou foi que, em grande parte, a amplia\u00e7\u00e3o do n\u00famero de concursos e os aumentos Ao funcionalismo comprometeram a folha de sal\u00e1rios. No caso de GDF, nos c\u00e1lculos do economista, a previs\u00e3o \u00e9 de que feche o ano com d\u00e9ficit em torno de R$ 1 bilh\u00e3o nas contas. \u201cO governo tenta mecanismos como O Refis, mas essa \u00e9 uma medida de pouco f\u00f4lego. O que mant\u00e9m o estado funcionando \u00e9 o crescimento da arrecada\u00e7\u00e3o, que n\u00e3o est\u00e1 acontecendo\u201d, assinalou.<\/p>\n<p>E se o desempenho da economia n\u00e3o melhora, o GDF continuar\u00e1 se atolando em d\u00edvidas e se aproximando, cada vez mais, do cen\u00e1rio sombrio do Rio de Janeiro e do Rio Grande do Sul. \u201cAqui no GDF, se nenhuma medida s\u00e9ria de ajuste for tomada, os servidores podem se preparar para viver o que vem ocorrendo nos Estados vizinhos\u201d, alertou. A sa\u00edda, segundo Matias-Pereira, passa pela redu\u00e7\u00e3o dos custos e aumento da produtividade no servi\u00e7o p\u00fablico. \u201cN\u00e3o adiantam medidas extremadas, como declarar estado de calamidade. Os governadores exigem ajuda do governo federal, quando na verdade o problema \u00e9 \u00fanica e exclusivamente deles\u201d, finalizou.<\/p>\n","protected":false},"excerpt":{"rendered":"<p>\u201cNossos servidores respondem por uma boa parcela do consumo. Temos honrado o compromisso de n\u00e3o atrasar sal\u00e1rios e isso transmite seguran\u00e7a para os gastos de fim de ano, por exemplo\u201d, afirmou o secret\u00e1rio adjunto do trabalho do GDF, Thiago Jarjour. \u201cAqui no GDF, se nenhuma medida s\u00e9ria de ajuste for tomada, os servidores podem se preparar para viver o que [&hellip;]<\/p>\n","protected":false},"author":27,"featured_media":0,"comment_status":"open","ping_status":"closed","sticky":false,"template":"","format":"standard","meta":{"footnotes":""},"categories":[2719],"tags":[1066,2293,367,620,3061,2692,3591,1633,4307,4007],"class_list":["post-3551","post","type-post","status-publish","format-standard","hentry","category-servidor","tag-analista","tag-desemprego","tag-economica","tag-estabilidade","tag-financas","tag-gdf","tag-otimismo","tag-publicas","tag-supreende","tag-taxa"],"_links":{"self":[{"href":"https:\/\/blogs.correiobraziliense.com.br\/servidor\/wp-json\/wp\/v2\/posts\/3551","targetHints":{"allow":["GET"]}}],"collection":[{"href":"https:\/\/blogs.correiobraziliense.com.br\/servidor\/wp-json\/wp\/v2\/posts"}],"about":[{"href":"https:\/\/blogs.correiobraziliense.com.br\/servidor\/wp-json\/wp\/v2\/types\/post"}],"author":[{"embeddable":true,"href":"https:\/\/blogs.correiobraziliense.com.br\/servidor\/wp-json\/wp\/v2\/users\/27"}],"replies":[{"embeddable":true,"href":"https:\/\/blogs.correiobraziliense.com.br\/servidor\/wp-json\/wp\/v2\/comments?post=3551"}],"version-history":[{"count":2,"href":"https:\/\/blogs.correiobraziliense.com.br\/servidor\/wp-json\/wp\/v2\/posts\/3551\/revisions"}],"predecessor-version":[{"id":3553,"href":"https:\/\/blogs.correiobraziliense.com.br\/servidor\/wp-json\/wp\/v2\/posts\/3551\/revisions\/3553"}],"wp:attachment":[{"href":"https:\/\/blogs.correiobraziliense.com.br\/servidor\/wp-json\/wp\/v2\/media?parent=3551"}],"wp:term":[{"taxonomy":"category","embeddable":true,"href":"https:\/\/blogs.correiobraziliense.com.br\/servidor\/wp-json\/wp\/v2\/categories?post=3551"},{"taxonomy":"post_tag","embeddable":true,"href":"https:\/\/blogs.correiobraziliense.com.br\/servidor\/wp-json\/wp\/v2\/tags?post=3551"}],"curies":[{"name":"wp","href":"https:\/\/api.w.org\/{rel}","templated":true}]}}