{"id":3549,"date":"2016-11-16T08:30:10","date_gmt":"2016-11-16T10:30:10","guid":{"rendered":"https:\/\/blogs.correiobraziliense.com.br\/servidor\/?p=3549"},"modified":"2016-11-15T18:24:06","modified_gmt":"2016-11-15T20:24:06","slug":"nota-publica-da-frentas-juizes-e-promotores-se-manifestam-contra-pec-552016","status":"publish","type":"post","link":"https:\/\/blogs.correiobraziliense.com.br\/servidor\/nota-publica-da-frentas-juizes-e-promotores-se-manifestam-contra-pec-552016\/","title":{"rendered":"Nota p\u00fablica da Frentas &#8211; Ju\u00edzes e promotores se manifestam contra a PEC 55\/2016"},"content":{"rendered":"<p>A Frente Associativa da Magistratura e do Minist\u00e9rio P\u00fablico (Frentas) analisou as consequ\u00eancias \u00e0s atividades econ\u00f4micas e sociais que o novo regime fiscal imporia ao pa\u00eds, se aprovado pelo Congresso Nacional. O texto aponta que \u201co gasto que mais precisa ser controlado \u00e9 o financeiro. A PEC 55 (PEC 241 da C\u00e2mara) faz justamente o contr\u00e1rio.\u201d<\/p>\n<p><img decoding=\"async\" src=\"http:\/\/portal.sinal.org.br\/wp-content\/uploads\/2016\/11\/Doc.jpg\" alt=\"\" \/><\/p>\n","protected":false},"excerpt":{"rendered":"<p>A Frente Associativa da Magistratura e do Minist\u00e9rio P\u00fablico (Frentas) analisou as consequ\u00eancias \u00e0s atividades econ\u00f4micas e sociais que o novo regime fiscal imporia ao pa\u00eds, se aprovado pelo Congresso Nacional. O texto aponta que \u201co gasto que mais precisa ser controlado \u00e9 o financeiro. A PEC 55 (PEC 241 da C\u00e2mara) faz justamente o contr\u00e1rio.\u201d<\/p>\n","protected":false},"author":27,"featured_media":0,"comment_status":"open","ping_status":"closed","sticky":false,"template":"","format":"standard","meta":{"footnotes":""},"categories":[2719],"tags":[4305,4306,1551,67,3564,1635,344,4304,545,598,4303,2325],"class_list":["post-3549","post","type-post","status-publish","format-standard","hentry","category-servidor","tag-consequencias","tag-controlado","tag-financeiro","tag-fiscal","tag-frentas","tag-gasto","tag-juizes","tag-pec-552016","tag-populacao","tag-prejudica","tag-promotores","tag-regime"],"_links":{"self":[{"href":"https:\/\/blogs.correiobraziliense.com.br\/servidor\/wp-json\/wp\/v2\/posts\/3549","targetHints":{"allow":["GET"]}}],"collection":[{"href":"https:\/\/blogs.correiobraziliense.com.br\/servidor\/wp-json\/wp\/v2\/posts"}],"about":[{"href":"https:\/\/blogs.correiobraziliense.com.br\/servidor\/wp-json\/wp\/v2\/types\/post"}],"author":[{"embeddable":true,"href":"https:\/\/blogs.correiobraziliense.com.br\/servidor\/wp-json\/wp\/v2\/users\/27"}],"replies":[{"embeddable":true,"href":"https:\/\/blogs.correiobraziliense.com.br\/servidor\/wp-json\/wp\/v2\/comments?post=3549"}],"version-history":[{"count":1,"href":"https:\/\/blogs.correiobraziliense.com.br\/servidor\/wp-json\/wp\/v2\/posts\/3549\/revisions"}],"predecessor-version":[{"id":3550,"href":"https:\/\/blogs.correiobraziliense.com.br\/servidor\/wp-json\/wp\/v2\/posts\/3549\/revisions\/3550"}],"wp:attachment":[{"href":"https:\/\/blogs.correiobraziliense.com.br\/servidor\/wp-json\/wp\/v2\/media?parent=3549"}],"wp:term":[{"taxonomy":"category","embeddable":true,"href":"https:\/\/blogs.correiobraziliense.com.br\/servidor\/wp-json\/wp\/v2\/categories?post=3549"},{"taxonomy":"post_tag","embeddable":true,"href":"https:\/\/blogs.correiobraziliense.com.br\/servidor\/wp-json\/wp\/v2\/tags?post=3549"}],"curies":[{"name":"wp","href":"https:\/\/api.w.org\/{rel}","templated":true}]}}