{"id":3509,"date":"2016-11-10T19:26:45","date_gmt":"2016-11-10T21:26:45","guid":{"rendered":"https:\/\/blogs.correiobraziliense.com.br\/servidor\/?p=3509"},"modified":"2016-11-10T19:26:45","modified_gmt":"2016-11-10T21:26:45","slug":"carmen-lucia-diz-que-preso-custa-13-vezes-mais-que-um-estudante-no-brasil","status":"publish","type":"post","link":"https:\/\/blogs.correiobraziliense.com.br\/servidor\/carmen-lucia-diz-que-preso-custa-13-vezes-mais-que-um-estudante-no-brasil\/","title":{"rendered":"C\u00e1rmen L\u00facia diz que preso custa 13 vezes mais que um estudante no Brasil"},"content":{"rendered":"<p>\u201cUm preso no Brasil custa R$ 2,4 mil por m\u00eas e um estudante do ensino m\u00e9dio custa R$ 2,2 mil por ano. Alguma coisa est\u00e1 errada na nossa p\u00e1tria amada\u201d. A constata\u00e7\u00e3o foi feita pela presidente do Supremo Tribunal Federal (STF) e do Conselho Nacional de Justi\u00e7a (CNJ), ministra C\u00e1rmen L\u00facia, que participou nesta quinta-feira (10\/11) do 4\u00ba Encontro do Pacto Integrador de Seguran\u00e7a P\u00fablica Interestadual e da 64\u00aa Reuni\u00e3o do Col\u00e9gio Nacional de Secret\u00e1rios de Seguran\u00e7a P\u00fablica (Consesp), em Goi\u00e2nia (GO).<\/p>\n<p>\u201cDarcy Ribeiro fez em 1982 uma confer\u00eancia dizendo que, se os governadores n\u00e3o constru\u00edssem escolas, em 20 anos faltaria dinheiro para construir pres\u00eddios. O fato se cumpriu. Estamos aqui reunidos diante de uma situa\u00e7\u00e3o urgente, de um descaso feito l\u00e1 atr\u00e1s\u201d, lembrou a ministra.<\/p>\n<p>No evento, C\u00e1rmen L\u00facia afirmou que a viol\u00eancia no pa\u00eds exige mudan\u00e7as estruturantes e o esfor\u00e7o conjunto de governos e da Uni\u00e3o. \u201cO crime n\u00e3o tem as teias do Estado, as exig\u00eancias formais e por isso avan\u00e7a sempre. Por isso s\u00e3o necess\u00e1rias mudan\u00e7as estruturais. \u00c9 necess\u00e1ria a uni\u00e3o dos poderes executivos nacionais, dos poderes dos estados, e at\u00e9 mesmo dos munic\u00edpios, para que possamos dar corpo a uma das maiores necessidades do cidad\u00e3o, que \u00e9 ter o direito de viver sem medo. Sem medo do outro, sem medo de andar na rua, sem medo de saber o que vai acontecer com seu filho\u201d, disse.<\/p>\n<p><strong>Inspe\u00e7\u00f5es &#8211;<\/strong>\u00a0Desde que assumiu a presid\u00eancia do CNJ, a ministra tem visitado pres\u00eddios para ver de perto as condi\u00e7\u00f5es das unidades. At\u00e9 o momento, Rio Grande do Norte e Distrito Federal receberam visitas de surpresa, e a ideia \u00e9 inspecionar todos os Estados. \u201cA cada nove minutos, uma pessoa \u00e9 morta violentamente no Brasil. Nosso pa\u00eds registrou mais mortes em cinco anos do que a guerra da S\u00edria. Estamos, conforme j\u00e1 disse o Supremo Tribunal Federal, em estado de coisas inconstitucionais. Eu falo que estamos em estado de guerra. Temos uma Constitui\u00e7\u00e3o em vigor, institui\u00e7\u00e3o em funcionamento e cidad\u00e3o reivindicando direitos. Precisamos superar vaidades de detentores de compet\u00eancias e, juntos, fazer alguma coisa\u201d, ressaltou a ministra.<\/p>\n<p><strong>Plano Nacional &#8211;\u00a0<\/strong>O encontro realizado em Goi\u00e2nia contou com a presen\u00e7a do ministro da Justi\u00e7a, Alexandre de Moraes, que, na oportunidade, apresentou o Plano Nacional de Seguran\u00e7a P\u00fablica. A a\u00e7\u00e3o tem como principais metas reduzir os homic\u00eddios e os casos de viol\u00eancia contra a mulher, al\u00e9m de racionalizar o sistema penitenci\u00e1rio e a prote\u00e7\u00e3o das fronteiras.<\/p>\n","protected":false},"excerpt":{"rendered":"<p>\u201cUm preso no Brasil custa R$ 2,4 mil por m\u00eas e um estudante do ensino m\u00e9dio custa R$ 2,2 mil por ano. Alguma coisa est\u00e1 errada na nossa p\u00e1tria amada\u201d. A constata\u00e7\u00e3o foi feita pela presidente do Supremo Tribunal Federal (STF) e do Conselho Nacional de Justi\u00e7a (CNJ), ministra C\u00e1rmen L\u00facia, que participou nesta quinta-feira (10\/11) do 4\u00ba Encontro do [&hellip;]<\/p>\n","protected":false},"author":27,"featured_media":0,"comment_status":"open","ping_status":"closed","sticky":false,"template":"","format":"standard","meta":{"footnotes":""},"categories":[2719],"tags":[639,164,3893,4261,1296,4263,4262,1586,4264,2568],"class_list":["post-3509","post","type-post","status-publish","format-standard","hentry","category-servidor","tag-ano","tag-brasil","tag-carmem-lucia","tag-custa","tag-ensino","tag-errada","tag-estudante","tag-medio","tag-patria","tag-preso"],"_links":{"self":[{"href":"https:\/\/blogs.correiobraziliense.com.br\/servidor\/wp-json\/wp\/v2\/posts\/3509","targetHints":{"allow":["GET"]}}],"collection":[{"href":"https:\/\/blogs.correiobraziliense.com.br\/servidor\/wp-json\/wp\/v2\/posts"}],"about":[{"href":"https:\/\/blogs.correiobraziliense.com.br\/servidor\/wp-json\/wp\/v2\/types\/post"}],"author":[{"embeddable":true,"href":"https:\/\/blogs.correiobraziliense.com.br\/servidor\/wp-json\/wp\/v2\/users\/27"}],"replies":[{"embeddable":true,"href":"https:\/\/blogs.correiobraziliense.com.br\/servidor\/wp-json\/wp\/v2\/comments?post=3509"}],"version-history":[{"count":1,"href":"https:\/\/blogs.correiobraziliense.com.br\/servidor\/wp-json\/wp\/v2\/posts\/3509\/revisions"}],"predecessor-version":[{"id":3510,"href":"https:\/\/blogs.correiobraziliense.com.br\/servidor\/wp-json\/wp\/v2\/posts\/3509\/revisions\/3510"}],"wp:attachment":[{"href":"https:\/\/blogs.correiobraziliense.com.br\/servidor\/wp-json\/wp\/v2\/media?parent=3509"}],"wp:term":[{"taxonomy":"category","embeddable":true,"href":"https:\/\/blogs.correiobraziliense.com.br\/servidor\/wp-json\/wp\/v2\/categories?post=3509"},{"taxonomy":"post_tag","embeddable":true,"href":"https:\/\/blogs.correiobraziliense.com.br\/servidor\/wp-json\/wp\/v2\/tags?post=3509"}],"curies":[{"name":"wp","href":"https:\/\/api.w.org\/{rel}","templated":true}]}}