{"id":3507,"date":"2016-11-10T19:21:42","date_gmt":"2016-11-10T21:21:42","guid":{"rendered":"https:\/\/blogs.correiobraziliense.com.br\/servidor\/?p=3507"},"modified":"2016-11-10T19:21:42","modified_gmt":"2016-11-10T21:21:42","slug":"embraer-quer-layoff-para-2-mil-trabalhadores-sindicato-exige-estabilidade-no-emprego","status":"publish","type":"post","link":"https:\/\/blogs.correiobraziliense.com.br\/servidor\/embraer-quer-layoff-para-2-mil-trabalhadores-sindicato-exige-estabilidade-no-emprego\/","title":{"rendered":"Embraer quer layoff para 2 mil trabalhadores. Sindicato exige estabilidade no emprego"},"content":{"rendered":"<p>A Embraer anunciou, de acordo com o Sindicato dos Metal\u00fargicos de S\u00e3o Jos\u00e9 dos Campos e Regi\u00e3o, a inten\u00e7\u00e3o de afastar de seus postos de trabalho at\u00e9 2 mil trabalhadores por meio de um lay-off (suspens\u00e3o do contrato de trabalho).<\/p>\n<p>O an\u00fancio veio durante uma reuni\u00e3o, nesta quinta-feira (10), em S\u00e3o Jos\u00e9 dos Campos, entre a dire\u00e7\u00e3o da empresa e do Sindicato, que \u00e9 filiado \u00e0 CSP-Conlutas.<\/p>\n<p>O afastamento envolveria trabalhadores de diversos setores da empresa, entre janeiro de 2017 e o segundo semestre de 2018. Uma nova reuni\u00e3o entre empresa e Sindicato j\u00e1 est\u00e1 marcada para o dia 23.<\/p>\n<p>Na mesa de negocia\u00e7\u00e3o, o Sindicato considerou que os trabalhadores n\u00e3o devem ser responsabilizados pelos preju\u00edzos causados pelo envolvimento da Embraer em recentes casos de corrup\u00e7\u00e3o na Rep\u00fablica Dominicana e em outros pa\u00edses.<\/p>\n<p>Recentemente, a Embraer foi obrigada a pagar uma multa de US$ 206 milh\u00f5es num processo conduzido pela justi\u00e7a norte-americana em raz\u00e3o do esc\u00e2ndalo envolvendo a alta c\u00fapula da empresa.<\/p>\n<p>Em contraposi\u00e7\u00e3o ao layoff e para garantir a manuten\u00e7\u00e3o dos postos de trabalho, o Sindicato dos Metal\u00fargicos reivindicou estabilidade no emprego e redu\u00e7\u00e3o da jornada de trabalho sem redu\u00e7\u00e3o de sal\u00e1rio para 36 horas semanais.<\/p>\n","protected":false},"excerpt":{"rendered":"<p>A Embraer anunciou, de acordo com o Sindicato dos Metal\u00fargicos de S\u00e3o Jos\u00e9 dos Campos e Regi\u00e3o, a inten\u00e7\u00e3o de afastar de seus postos de trabalho at\u00e9 2 mil trabalhadores por meio de um lay-off (suspens\u00e3o do contrato de trabalho). O an\u00fancio veio durante uma reuni\u00e3o, nesta quinta-feira (10), em S\u00e3o Jos\u00e9 dos Campos, entre a dire\u00e7\u00e3o da empresa e [&hellip;]<\/p>\n","protected":false},"author":27,"featured_media":0,"comment_status":"open","ping_status":"closed","sticky":false,"template":"","format":"standard","meta":{"footnotes":""},"categories":[2719],"tags":[195,197,620,260,4259,4260,1157,19],"class_list":["post-3507","post","type-post","status-publish","format-standard","hentry","category-servidor","tag-embraer","tag-emprego","tag-estabilidade","tag-justica","tag-layoff","tag-norte-americana","tag-processo","tag-trabalhadores"],"_links":{"self":[{"href":"https:\/\/blogs.correiobraziliense.com.br\/servidor\/wp-json\/wp\/v2\/posts\/3507","targetHints":{"allow":["GET"]}}],"collection":[{"href":"https:\/\/blogs.correiobraziliense.com.br\/servidor\/wp-json\/wp\/v2\/posts"}],"about":[{"href":"https:\/\/blogs.correiobraziliense.com.br\/servidor\/wp-json\/wp\/v2\/types\/post"}],"author":[{"embeddable":true,"href":"https:\/\/blogs.correiobraziliense.com.br\/servidor\/wp-json\/wp\/v2\/users\/27"}],"replies":[{"embeddable":true,"href":"https:\/\/blogs.correiobraziliense.com.br\/servidor\/wp-json\/wp\/v2\/comments?post=3507"}],"version-history":[{"count":1,"href":"https:\/\/blogs.correiobraziliense.com.br\/servidor\/wp-json\/wp\/v2\/posts\/3507\/revisions"}],"predecessor-version":[{"id":3508,"href":"https:\/\/blogs.correiobraziliense.com.br\/servidor\/wp-json\/wp\/v2\/posts\/3507\/revisions\/3508"}],"wp:attachment":[{"href":"https:\/\/blogs.correiobraziliense.com.br\/servidor\/wp-json\/wp\/v2\/media?parent=3507"}],"wp:term":[{"taxonomy":"category","embeddable":true,"href":"https:\/\/blogs.correiobraziliense.com.br\/servidor\/wp-json\/wp\/v2\/categories?post=3507"},{"taxonomy":"post_tag","embeddable":true,"href":"https:\/\/blogs.correiobraziliense.com.br\/servidor\/wp-json\/wp\/v2\/tags?post=3507"}],"curies":[{"name":"wp","href":"https:\/\/api.w.org\/{rel}","templated":true}]}}