{"id":3497,"date":"2016-11-10T14:24:07","date_gmt":"2016-11-10T16:24:07","guid":{"rendered":"https:\/\/blogs.correiobraziliense.com.br\/servidor\/?p=3497"},"modified":"2016-11-10T14:24:07","modified_gmt":"2016-11-10T16:24:07","slug":"forca-sindical-prepara-atos-por-direitos","status":"publish","type":"post","link":"https:\/\/blogs.correiobraziliense.com.br\/servidor\/forca-sindical-prepara-atos-por-direitos\/","title":{"rendered":"For\u00e7a Sindical prepara atos por direitos"},"content":{"rendered":"<p><i>Manifesta\u00e7\u00f5es ser\u00e3o no pr\u00f3ximo dia 25 em cidades e capitais de todo o Brasil<\/i><\/p>\n<p>A For\u00e7a Sindical informou, por meio de nota, que, juntamente com as demais centrais sindicais, preparam o Dia Nacional de Luta pelos Direitos, no pr\u00f3ximo dia 25 de novembro. Nessa data acontecer\u00e3o manifesta\u00e7\u00f5es e atos pela manuten\u00e7\u00e3o dos direitos dos trabalhadores nas capitais dos Estados e em v\u00e1rias outras cidades do pa\u00eds.<\/p>\n<p>&#8220;A For\u00e7a Sindical convoca os trabalhadores e deixa muito claro para a sociedade que vai intensificar a luta contra a retirada de direitos. \u00c9 bom lembrar que a classe trabalhadora est\u00e1 carregando um fardo muito pesado nesta crise, com doze milh\u00f5es de desempregados. E os reflexos da crise s\u00e3o cru\u00e9is: redu\u00e7\u00e3o do consumo, juros altos, diminui\u00e7\u00e3o da produ\u00e7\u00e3o e dos empregos&#8221;, informou a nota.<\/p>\n<p>As manifesta\u00e7\u00f5es, de acordo com a entidade, s\u00e3o importantes para intensificar as mobiliza\u00e7\u00f5es contra a retirada de direitos dos trabalhadores. &#8220;N\u00e3o vamos medir esfor\u00e7os para estas mobiliza\u00e7\u00f5es. A inten\u00e7\u00e3o \u00e9 explicar, com muita clareza, para a classe trabalhadora, as mudan\u00e7as que o governo pretende fazer, entre elas a reforma da Previd\u00eancia e a trabalhista. Por fim, convocamos todas as entidades filiadas para mobilizarem suas bases e sa\u00edrem \u00e0s ruas de todo o pa\u00eds no pr\u00f3ximo dia 25 para fortalecer nossa luta por direitos&#8221;, finaliza o documento, assinado por Paulo Pereira da Silva &#8211; Paulinho -, presidente da For\u00e7a Sindical<\/p>\n","protected":false},"excerpt":{"rendered":"<p>Manifesta\u00e7\u00f5es ser\u00e3o no pr\u00f3ximo dia 25 em cidades e capitais de todo o Brasil A For\u00e7a Sindical informou, por meio de nota, que, juntamente com as demais centrais sindicais, preparam o Dia Nacional de Luta pelos Direitos, no pr\u00f3ximo dia 25 de novembro. Nessa data acontecer\u00e3o manifesta\u00e7\u00f5es e atos pela manuten\u00e7\u00e3o dos direitos dos trabalhadores nas capitais dos Estados e [&hellip;]<\/p>\n","protected":false},"author":27,"featured_media":0,"comment_status":"open","ping_status":"closed","sticky":false,"template":"","format":"standard","meta":{"footnotes":""},"categories":[2719],"tags":[1103,651,2802,619,2603,870,1102,719,1734,198,2372,325,19],"class_list":["post-3497","post","type-post","status-publish","format-standard","hentry","category-servidor","tag-altos","tag-atos","tag-consumo","tag-direitos","tag-empregos","tag-forca-sindical","tag-juros","tag-luta","tag-manifestacoes","tag-pais","tag-producao","tag-reducao","tag-trabalhadores"],"_links":{"self":[{"href":"https:\/\/blogs.correiobraziliense.com.br\/servidor\/wp-json\/wp\/v2\/posts\/3497","targetHints":{"allow":["GET"]}}],"collection":[{"href":"https:\/\/blogs.correiobraziliense.com.br\/servidor\/wp-json\/wp\/v2\/posts"}],"about":[{"href":"https:\/\/blogs.correiobraziliense.com.br\/servidor\/wp-json\/wp\/v2\/types\/post"}],"author":[{"embeddable":true,"href":"https:\/\/blogs.correiobraziliense.com.br\/servidor\/wp-json\/wp\/v2\/users\/27"}],"replies":[{"embeddable":true,"href":"https:\/\/blogs.correiobraziliense.com.br\/servidor\/wp-json\/wp\/v2\/comments?post=3497"}],"version-history":[{"count":1,"href":"https:\/\/blogs.correiobraziliense.com.br\/servidor\/wp-json\/wp\/v2\/posts\/3497\/revisions"}],"predecessor-version":[{"id":3498,"href":"https:\/\/blogs.correiobraziliense.com.br\/servidor\/wp-json\/wp\/v2\/posts\/3497\/revisions\/3498"}],"wp:attachment":[{"href":"https:\/\/blogs.correiobraziliense.com.br\/servidor\/wp-json\/wp\/v2\/media?parent=3497"}],"wp:term":[{"taxonomy":"category","embeddable":true,"href":"https:\/\/blogs.correiobraziliense.com.br\/servidor\/wp-json\/wp\/v2\/categories?post=3497"},{"taxonomy":"post_tag","embeddable":true,"href":"https:\/\/blogs.correiobraziliense.com.br\/servidor\/wp-json\/wp\/v2\/tags?post=3497"}],"curies":[{"name":"wp","href":"https:\/\/api.w.org\/{rel}","templated":true}]}}