{"id":3491,"date":"2016-11-10T13:03:23","date_gmt":"2016-11-10T15:03:23","guid":{"rendered":"https:\/\/blogs.correiobraziliense.com.br\/servidor\/?p=3491"},"modified":"2016-11-10T13:03:23","modified_gmt":"2016-11-10T15:03:23","slug":"proposta-economica-das-empresas-aereas-e-insuficiente-avalia-fentaccut","status":"publish","type":"post","link":"https:\/\/blogs.correiobraziliense.com.br\/servidor\/proposta-economica-das-empresas-aereas-e-insuficiente-avalia-fentaccut\/","title":{"rendered":"Proposta econ\u00f4mica das empresas a\u00e9reas \u00e9 insuficiente, avalia Fentac\/CUT"},"content":{"rendered":"<p><i>\u00cdndice representa menos da metade da infla\u00e7\u00e3o da data-base das categorias, 1\u00ba de dezembro. Reivindica\u00e7\u00e3o \u00e9 a reposi\u00e7\u00e3o integral da infla\u00e7\u00e3o mais 5% de aumento real. Rodada continua no dia 17\/11<\/i><\/p>\n<p>Terminou sem avan\u00e7o a terceira rodada de negocia\u00e7\u00e3o da campanha salarial dos aeronautas e aerovi\u00e1rios da base da Federa\u00e7\u00e3o Nacional dos Trabalhadores em Avia\u00e7\u00e3o Civil da CUT (Fentac), na quarta-feira (9), na sede do Sindicato Nacional das Empresas A\u00e9reas (SNEA), em S\u00e3o Paulo.<\/p>\n<p>As empresas a\u00e9reas apresentaram a proposta econ\u00f4mica de 4% nos sal\u00e1rios, nos pisos e nos demais benef\u00edcios.<\/p>\n<p>Na avalia\u00e7\u00e3o das categorias essa proposta \u00e9 &#8220;insuficiente&#8221; \u00a0porque representa menos da metade da infla\u00e7\u00e3o estimada do per\u00edodo da data-base das categorias, 1\u00ba dezembro, que \u00e9 calculada pelo \u00cdndice Nacional de Pre\u00e7os ao Consumidor (INPC) do per\u00edodo de 12 meses, que ainda n\u00e3o fechou.<\/p>\n<p>A reivindica\u00e7\u00e3o das categorias \u00e9 a reposi\u00e7\u00e3o integral da infla\u00e7\u00e3o (INPC-1\u00ba de dezembro) e mais 5% de aumento real nos sal\u00e1rios e em todos os direitos econ\u00f4micos.<\/p>\n<p>Outro ponto que n\u00e3o avan\u00e7ou foi sobre as melhorias nas cl\u00e1usulas sociais em vigor nas Conven\u00e7\u00f5es Coletivas de Trabalho (CCT)\u00a0propostas pelos sindicatos dos Aerovi\u00e1rios e Aeronautas.\u00a0As empresas a\u00e9reas negaram qualquer tipo de altera\u00e7\u00e3o, propondo a \u00a0manuten\u00e7\u00e3o da reda\u00e7\u00e3o atual nas Conven\u00e7\u00f5es.<br \/>\n<strong>Pr\u00f3xima rodada<\/strong><\/p>\n<p>Na pr\u00f3xima rodada de negocia\u00e7\u00e3o, que ser\u00e1 no dia 17 de novembro, o SNEA\u00a0quer ouvir os sindicatos de trabalhadores sobre os direitos que as empresas t\u00eam interesse em negociar.<\/p>\n<p>A Fentac informou que n\u00e3o aceitar\u00e1 retrocessos e nem perda de direitos, por\u00e9m, far\u00e1 uma avalia\u00e7\u00e3o da solicita\u00e7\u00e3o da bancada patronal.<\/p>\n<p>A Federa\u00e7\u00e3o vai continuar cobrando por parte das empresas a\u00e9reas que mudem de posi\u00e7\u00e3o e abram a discuss\u00e3o sobre as reivindica\u00e7\u00f5es dos novos direitos, propostos pelos sindicatos\u00a0que n\u00e3o geram custos para as companhias e v\u00e3o contribuir para melhorar as condi\u00e7\u00f5es de trabalho, a\u00a0qualidade de vida e sa\u00fade dos trabalhadores. Na primeira rodada de negocia\u00e7\u00e3o, o SNEA disse que essas pautas foram &#8220;rejeitadas&#8221;.<\/p>\n<p>As pr\u00f3ximas rodadas com o SNEA continuam nos dias 24 e 30 de novembro, \u00e0s 11h, em S\u00e3o Paulo.<br \/>\n<strong>Assembleia Geral\u00a0<\/strong><\/p>\n<p>Os sindicatos dos aerovi\u00e1rios de Guarulhos, Recife, Porto Alegre e o Nacional de Aerovi\u00e1rios realizar\u00e3o assembleias nas suas bases da\u00a0Campanha Salarial, no dia 18 de novembro.\u00a0Os aeronautas tamb\u00e9m far\u00e3o no dias 11.<\/p>\n<p>&nbsp;<\/p>\n","protected":false},"excerpt":{"rendered":"<p>\u00cdndice representa menos da metade da infla\u00e7\u00e3o da data-base das categorias, 1\u00ba de dezembro. Reivindica\u00e7\u00e3o \u00e9 a reposi\u00e7\u00e3o integral da infla\u00e7\u00e3o mais 5% de aumento real. Rodada continua no dia 17\/11 Terminou sem avan\u00e7o a terceira rodada de negocia\u00e7\u00e3o da campanha salarial dos aeronautas e aerovi\u00e1rios da base da Federa\u00e7\u00e3o Nacional dos Trabalhadores em Avia\u00e7\u00e3o Civil da CUT (Fentac), na [&hellip;]<\/p>\n","protected":false},"author":27,"featured_media":0,"comment_status":"open","ping_status":"closed","sticky":false,"template":"","format":"standard","meta":{"footnotes":""},"categories":[2719],"tags":[391,387,388,305,390,240,4238,54,239,882,18],"class_list":["post-3491","post","type-post","status-publish","format-standard","hentry","category-servidor","tag-aereas","tag-aeronautas","tag-aeroviarios","tag-campanha","tag-empresas","tag-inflacao","tag-insuficiente","tag-proposta","tag-real","tag-reposicao","tag-salarial"],"_links":{"self":[{"href":"https:\/\/blogs.correiobraziliense.com.br\/servidor\/wp-json\/wp\/v2\/posts\/3491","targetHints":{"allow":["GET"]}}],"collection":[{"href":"https:\/\/blogs.correiobraziliense.com.br\/servidor\/wp-json\/wp\/v2\/posts"}],"about":[{"href":"https:\/\/blogs.correiobraziliense.com.br\/servidor\/wp-json\/wp\/v2\/types\/post"}],"author":[{"embeddable":true,"href":"https:\/\/blogs.correiobraziliense.com.br\/servidor\/wp-json\/wp\/v2\/users\/27"}],"replies":[{"embeddable":true,"href":"https:\/\/blogs.correiobraziliense.com.br\/servidor\/wp-json\/wp\/v2\/comments?post=3491"}],"version-history":[{"count":1,"href":"https:\/\/blogs.correiobraziliense.com.br\/servidor\/wp-json\/wp\/v2\/posts\/3491\/revisions"}],"predecessor-version":[{"id":3492,"href":"https:\/\/blogs.correiobraziliense.com.br\/servidor\/wp-json\/wp\/v2\/posts\/3491\/revisions\/3492"}],"wp:attachment":[{"href":"https:\/\/blogs.correiobraziliense.com.br\/servidor\/wp-json\/wp\/v2\/media?parent=3491"}],"wp:term":[{"taxonomy":"category","embeddable":true,"href":"https:\/\/blogs.correiobraziliense.com.br\/servidor\/wp-json\/wp\/v2\/categories?post=3491"},{"taxonomy":"post_tag","embeddable":true,"href":"https:\/\/blogs.correiobraziliense.com.br\/servidor\/wp-json\/wp\/v2\/tags?post=3491"}],"curies":[{"name":"wp","href":"https:\/\/api.w.org\/{rel}","templated":true}]}}