{"id":3483,"date":"2016-11-09T19:17:09","date_gmt":"2016-11-09T21:17:09","guid":{"rendered":"https:\/\/blogs.correiobraziliense.com.br\/servidor\/?p=3483"},"modified":"2016-11-09T19:17:09","modified_gmt":"2016-11-09T21:17:09","slug":"sindilegis-elege-nova-diretoria","status":"publish","type":"post","link":"https:\/\/blogs.correiobraziliense.com.br\/servidor\/sindilegis-elege-nova-diretoria\/","title":{"rendered":"Sindilegis elege nova diretoria"},"content":{"rendered":"<div><span style=\"color: #444444;font-family: verdana,sans-serif\">Por meio de uma grande elei\u00e7\u00e3o que contemplou os filiados espalhados pelos 26 estados brasileiros, al\u00e9m das sedes, em Bras\u00edlia, o Sindicato dos Servidores do Poder Legislativo Federal e do Tribunal de Contas da Uni\u00e3o (Sindilegis) elegeu, nesta ter\u00e7a-feira (8\/11), a nova diretoria que estar\u00e1 no comando pelo per\u00edodo de 2017 a 2021.\u00a0<\/span><\/div>\n<div><span style=\"color: #444444;font-family: verdana,sans-serif\">\u00a0<\/span><\/div>\n<div><span style=\"color: #444444;font-family: verdana,sans-serif\">A apura\u00e7\u00e3o dos votos pela comiss\u00e3o eleitoral prosseguiu pela madrugada e terminou com o an\u00fancio, j\u00e1 aguardado, da vit\u00f3ria da chapa \u00fanica \u201cGest\u00e3o e Transpar\u00eancia\u201d, encabe\u00e7ada pelo servidor do Senado Petrus Elesb\u00e3o. O novo presidente foi premiado recentemente pela excel\u00eancia na gest\u00e3o da Assefe, em uma disputa que envolveu dois mil clubes em todo o pa\u00eds.\u00a0<\/span><\/div>\n<div><span style=\"color: #444444;font-family: verdana,sans-serif\">\u00a0<\/span><\/div>\n<div><span style=\"color: #444444;font-family: verdana,sans-serif\"><b>Ficha Limpa<\/b><\/span><\/div>\n<div><span style=\"color: #444444;font-family: verdana,sans-serif\">\u00a0<\/span><\/div>\n<div><span style=\"color: #444444;font-family: verdana,sans-serif\">Conforme divulgado anteriormente pelo Blog, a ent\u00e3o chapa advers\u00e1ria intitulada \u201cMandato Tamp\u00e3o de Um Ano\u201d foi impugnada pela comiss\u00e3o eleitoral por n\u00e3o atender a uma s\u00e9rie de requisitos do estatuto do sindicato, como o da Ficha Limpa para candidatos a qualquer cargo da diretoria. A decis\u00e3o foi retificada pelos filiados em assembleia geral, no dia 25 de outubro. O grupo recorreu na Justi\u00e7a, mas todas as a\u00e7\u00f5es impetradas (quatro no total) foram indeferidas pelo TJDFT.<\/span><\/div>\n<div><span style=\"color: #444444;font-family: verdana,sans-serif\">\u00a0<\/span><\/div>\n<div><span style=\"color: #444444;font-family: verdana,sans-serif\">\u00a0<\/span><\/div>\n<div>\n<div class=\"m_7546927513463245337gmail-m_-558134361017485810gmail_signature\">\n<div dir=\"ltr\">\n<div>\n<div dir=\"ltr\">\n<div class=\"gmail_default\">\u200b\u200b<\/div>\n<p><span style=\"color: #444444;font-family: verdana,sans-serif\"><b><span class=\"HOEnZb\"><span style=\"color: #888888\">Marcos Fran\u00e7a<\/span><\/span><\/b><\/span><\/div>\n<\/div>\n<\/div>\n<\/div>\n<\/div>\n<p>&nbsp;<\/p>\n","protected":false},"excerpt":{"rendered":"<p>Por meio de uma grande elei\u00e7\u00e3o que contemplou os filiados espalhados pelos 26 estados brasileiros, al\u00e9m das sedes, em Bras\u00edlia, o Sindicato dos Servidores do Poder Legislativo Federal e do Tribunal de Contas da Uni\u00e3o (Sindilegis) elegeu, nesta ter\u00e7a-feira (8\/11), a nova diretoria que estar\u00e1 no comando pelo per\u00edodo de 2017 a 2021.\u00a0 \u00a0 A apura\u00e7\u00e3o dos votos pela comiss\u00e3o [&hellip;]<\/p>\n","protected":false},"author":27,"featured_media":0,"comment_status":"open","ping_status":"closed","sticky":false,"template":"","format":"standard","meta":{"footnotes":""},"categories":[2719],"tags":[4230,3918,108,106,3503,4231,4054,127,3919,634],"class_list":["post-3483","post","type-post","status-publish","format-standard","hentry","category-servidor","tag-adversaria","tag-chapa","tag-diretoria","tag-eleicao","tag-ficha","tag-impugnada","tag-limpa","tag-nova","tag-petrus-elesbao","tag-sindilegis"],"_links":{"self":[{"href":"https:\/\/blogs.correiobraziliense.com.br\/servidor\/wp-json\/wp\/v2\/posts\/3483","targetHints":{"allow":["GET"]}}],"collection":[{"href":"https:\/\/blogs.correiobraziliense.com.br\/servidor\/wp-json\/wp\/v2\/posts"}],"about":[{"href":"https:\/\/blogs.correiobraziliense.com.br\/servidor\/wp-json\/wp\/v2\/types\/post"}],"author":[{"embeddable":true,"href":"https:\/\/blogs.correiobraziliense.com.br\/servidor\/wp-json\/wp\/v2\/users\/27"}],"replies":[{"embeddable":true,"href":"https:\/\/blogs.correiobraziliense.com.br\/servidor\/wp-json\/wp\/v2\/comments?post=3483"}],"version-history":[{"count":1,"href":"https:\/\/blogs.correiobraziliense.com.br\/servidor\/wp-json\/wp\/v2\/posts\/3483\/revisions"}],"predecessor-version":[{"id":3484,"href":"https:\/\/blogs.correiobraziliense.com.br\/servidor\/wp-json\/wp\/v2\/posts\/3483\/revisions\/3484"}],"wp:attachment":[{"href":"https:\/\/blogs.correiobraziliense.com.br\/servidor\/wp-json\/wp\/v2\/media?parent=3483"}],"wp:term":[{"taxonomy":"category","embeddable":true,"href":"https:\/\/blogs.correiobraziliense.com.br\/servidor\/wp-json\/wp\/v2\/categories?post=3483"},{"taxonomy":"post_tag","embeddable":true,"href":"https:\/\/blogs.correiobraziliense.com.br\/servidor\/wp-json\/wp\/v2\/tags?post=3483"}],"curies":[{"name":"wp","href":"https:\/\/api.w.org\/{rel}","templated":true}]}}