{"id":3476,"date":"2016-11-09T12:24:27","date_gmt":"2016-11-09T14:24:27","guid":{"rendered":"https:\/\/blogs.correiobraziliense.com.br\/servidor\/?p=3476"},"modified":"2016-11-09T12:24:27","modified_gmt":"2016-11-09T14:24:27","slug":"associacao-nacional-dos-procuradores-do-trabalho-e-sindicatos-pedem-adiamento-do-julgamento-da-terceirizacao-no-supremo","status":"publish","type":"post","link":"https:\/\/blogs.correiobraziliense.com.br\/servidor\/associacao-nacional-dos-procuradores-do-trabalho-e-sindicatos-pedem-adiamento-do-julgamento-da-terceirizacao-no-supremo\/","title":{"rendered":"ANPT, Sinait e centrais sindicais pedem adiamento do julgamento da terceiriza\u00e7\u00e3o no Supremo"},"content":{"rendered":"<p><em>No julgamento, os ministros decidir\u00e3o sobre a possibilidade de a terceiriza\u00e7\u00e3o ser estendida para toda e qualquer ativida dedas empresas do setor privado. Hoje, a terceiriza\u00e7\u00e3o n\u00e3o \u00e9 admitida nas atividades-fim das empresas.<\/em><\/p>\n<p>A Associa\u00e7\u00e3o Nacional dos Procurados do Trabalho (ANPT), o Sindicato Nacional dos auditores fiscais do Trabalho (Sinait), que figuram como <em>amicus<\/em>\u00a0<em>curiae<\/em>, \u00a0e centrais sindicais pediram ontem (08) a presidente do Supremo Tribunal Federal (STF), C\u00e1rmem Lucia, o adiamento do julgamento sobre o futuro da terceiriza\u00e7\u00e3o nas rela\u00e7\u00f5es trabalhistas, que est\u00e1 marcado parahoje (09).<\/p>\n<p>De acordo com o advogado que representa as entidades, Roberto Caldas, s\u00f3cio do escrit\u00f3rio Roberto Caldas, Mauro Menezes &amp; Advogados, \u201co adiamento \u00e9 importante tendo em vista que outro processo a tratar do tema relacionado \u00e0 terceiriza\u00e7\u00e3o nas atividades-fim, a ADPF n\u00ba 324\/DF, n\u00e3o ser\u00e1 julgada em conjunto com o Recurso Extraordin\u00e1rio n\u00ba 958.252\/MG,\u00a0 pautado para esta sess\u00e3o de 9 de novembro. E, al\u00e9m disso, o STF n\u00e3o ter\u00e1 na data sua composi\u00e7\u00e3o plena, pois alguns ministros estar\u00e3o ausentes justificadamente. Al\u00e9m de um dia movimentado por uma homenagem ao ex-presidente do STF, Cezar Peluso\u201d.<\/p>\n","protected":false},"excerpt":{"rendered":"<p>No julgamento, os ministros decidir\u00e3o sobre a possibilidade de a terceiriza\u00e7\u00e3o ser estendida para toda e qualquer ativida dedas empresas do setor privado. Hoje, a terceiriza\u00e7\u00e3o n\u00e3o \u00e9 admitida nas atividades-fim das empresas. A Associa\u00e7\u00e3o Nacional dos Procurados do Trabalho (ANPT), o Sindicato Nacional dos auditores fiscais do Trabalho (Sinait), que figuram como amicus\u00a0curiae, \u00a0e centrais sindicais pediram ontem (08) [&hellip;]<\/p>\n","protected":false},"author":27,"featured_media":0,"comment_status":"open","ping_status":"closed","sticky":false,"template":"","format":"standard","meta":{"footnotes":""},"categories":[2719],"tags":[190,4218,1259,1949,905,1260,1858,1251],"class_list":["post-3476","post","type-post","status-publish","format-standard","hentry","category-servidor","tag-adiamento","tag-anpt","tag-centrais","tag-julgamento","tag-sinait","tag-sindicais","tag-supremo","tag-terceirizacao"],"_links":{"self":[{"href":"https:\/\/blogs.correiobraziliense.com.br\/servidor\/wp-json\/wp\/v2\/posts\/3476","targetHints":{"allow":["GET"]}}],"collection":[{"href":"https:\/\/blogs.correiobraziliense.com.br\/servidor\/wp-json\/wp\/v2\/posts"}],"about":[{"href":"https:\/\/blogs.correiobraziliense.com.br\/servidor\/wp-json\/wp\/v2\/types\/post"}],"author":[{"embeddable":true,"href":"https:\/\/blogs.correiobraziliense.com.br\/servidor\/wp-json\/wp\/v2\/users\/27"}],"replies":[{"embeddable":true,"href":"https:\/\/blogs.correiobraziliense.com.br\/servidor\/wp-json\/wp\/v2\/comments?post=3476"}],"version-history":[{"count":1,"href":"https:\/\/blogs.correiobraziliense.com.br\/servidor\/wp-json\/wp\/v2\/posts\/3476\/revisions"}],"predecessor-version":[{"id":3477,"href":"https:\/\/blogs.correiobraziliense.com.br\/servidor\/wp-json\/wp\/v2\/posts\/3476\/revisions\/3477"}],"wp:attachment":[{"href":"https:\/\/blogs.correiobraziliense.com.br\/servidor\/wp-json\/wp\/v2\/media?parent=3476"}],"wp:term":[{"taxonomy":"category","embeddable":true,"href":"https:\/\/blogs.correiobraziliense.com.br\/servidor\/wp-json\/wp\/v2\/categories?post=3476"},{"taxonomy":"post_tag","embeddable":true,"href":"https:\/\/blogs.correiobraziliense.com.br\/servidor\/wp-json\/wp\/v2\/tags?post=3476"}],"curies":[{"name":"wp","href":"https:\/\/api.w.org\/{rel}","templated":true}]}}