{"id":3470,"date":"2016-11-08T19:38:58","date_gmt":"2016-11-08T21:38:58","guid":{"rendered":"https:\/\/blogs.correiobraziliense.com.br\/servidor\/?p=3470"},"modified":"2016-11-08T19:38:58","modified_gmt":"2016-11-08T21:38:58","slug":"aeroviarios-e-aeronautas-no-taxi-aereo-entram-em-greve-nesta-quarta-feira-9","status":"publish","type":"post","link":"https:\/\/blogs.correiobraziliense.com.br\/servidor\/aeroviarios-e-aeronautas-no-taxi-aereo-entram-em-greve-nesta-quarta-feira-9\/","title":{"rendered":"Aerovi\u00e1rios e Aeronautas no T\u00e1xi A\u00e9reo entram em greve nesta quarta-feira (9)"},"content":{"rendered":"<p><em>Categorias est\u00e3o h\u00e1 1 ano sem reajuste salarial. Empresas oferecem \u00edndice insuficiente que n\u00e3o rep\u00f5e as perdas inflacion\u00e1rias no per\u00edodo da data-base, vencida em 1\u00ba de dezembro de 2015, informou a Federa\u00e7\u00e3o Nacional dos Trabalhadores em Avia\u00e7\u00e3o Civil (Fentac)<\/em><\/p>\n<p>Os aerovi\u00e1rios (que trabalham em solo) e aeronautas (pilotos e co-pilotos) no setor de t\u00e1xi a\u00e9reo da base da Federa\u00e7\u00e3o Nacional dos Trabalhadores em Avia\u00e7\u00e3o Civil da CUT (Fentac) far\u00e3o paralisa\u00e7\u00e3o nesta quarta-feira dia (9). A decis\u00e3o foi aprovada em assembleias e consultas aos sindicatos filiados. A greve acontecer\u00e1 nas bases nas cidades do Rio, Maca\u00e9, Cabo Frio, Campos dos Goytacazes e Farol de S\u00e3o Tom\u00e9, no Estado do Rio de Janeiro.<\/p>\n<p>Os trabalhadores rejeitaram a proposta de reajuste salarial de 5% proposta pelo Sindicato Nacional das Empresas de T\u00e1xi A\u00e9reo (Sneta) nos sal\u00e1rios e 10% nos pisos, que ficou bem abaixo da infla\u00e7\u00e3o da data-base de 1\u00ba de dezembro de 2015, que fechou em 11%. Essa proposta patronal \u00e9 sem direito ao retroativo \u00e0 data-base, outro fator prejudicial aos profissionais.<\/p>\n<p>&#8220;O descaso das empresas de t\u00e1xi de a\u00e9reo com os profissionais da avia\u00e7\u00e3o passou dos limites. Passado um ano da data-base de 1\u00ba de dezembro de 2015 e, mesmo ap\u00f3s tentativas de concilia\u00e7\u00e3o no Tribunal Superior do Trabalho (TST), os aerovi\u00e1rios e aeronautas n\u00e3o receberam nada\u00a0de reajuste nos seus sal\u00e1rios e nenhuma melhoria nos direitos sociais&#8221;, assinalou a Fentac.<\/p>\n<p>Trabalhadores reivindicam 10% e melhorias nos direitos sociais<\/p>\n<p>O presidente da Fentac, Sergio Dias, recha\u00e7ou a proposta patronal do Sneta, classificando-a como \u201cuma aberra\u00e7\u00e3o,\u201d e destacou que o caminho agora \u00e9 a \u00a0greve.<\/p>\n<p>\u201cA reivindica\u00e7\u00e3o dos trabalhadores se refere aos 12 meses da data-base de dezembro de 2015. Al\u00e9m dos mais, as empresas j\u00e1 fizeram as demiss\u00f5es, j\u00e1 reestruturaram o setor e ainda teimam em n\u00e3o repassar o reajuste para os sal\u00e1rios. As categorias lutam pelo reajuste salarial de 10%, que \u00e9 um\u00a0 patamar m\u00ednimo\u201d, critica Dias.<\/p>\n<p>As categorias anunciam opera\u00e7\u00e3o \u201ctartaruga\u201d nas principais bases do T\u00e1xi A\u00e9reo no Rio e greve at\u00e9 que o Sneta apresente contraproposta salarial satisfat\u00f3ria que atenda aos anseios dos trabalhadores.<\/p>\n<p>&nbsp;<\/p>\n","protected":false},"excerpt":{"rendered":"<p>Categorias est\u00e3o h\u00e1 1 ano sem reajuste salarial. Empresas oferecem \u00edndice insuficiente que n\u00e3o rep\u00f5e as perdas inflacion\u00e1rias no per\u00edodo da data-base, vencida em 1\u00ba de dezembro de 2015, informou a Federa\u00e7\u00e3o Nacional dos Trabalhadores em Avia\u00e7\u00e3o Civil (Fentac) Os aerovi\u00e1rios (que trabalham em solo) e aeronautas (pilotos e co-pilotos) no setor de t\u00e1xi a\u00e9reo da base da Federa\u00e7\u00e3o Nacional [&hellip;]<\/p>\n","protected":false},"author":27,"featured_media":0,"comment_status":"open","ping_status":"closed","sticky":false,"template":"","format":"standard","meta":{"footnotes":""},"categories":[2719],"tags":[3101,387,388,769,604,15,4064,668,63,18,4215,4214],"class_list":["post-3470","post","type-post","status-publish","format-standard","hentry","category-servidor","tag-aereo","tag-aeronautas","tag-aeroviarios","tag-data-base","tag-fentac","tag-greve","tag-inflacionaria","tag-perdas","tag-reajuste","tag-salarial","tag-sneta","tag-taxi"],"_links":{"self":[{"href":"https:\/\/blogs.correiobraziliense.com.br\/servidor\/wp-json\/wp\/v2\/posts\/3470","targetHints":{"allow":["GET"]}}],"collection":[{"href":"https:\/\/blogs.correiobraziliense.com.br\/servidor\/wp-json\/wp\/v2\/posts"}],"about":[{"href":"https:\/\/blogs.correiobraziliense.com.br\/servidor\/wp-json\/wp\/v2\/types\/post"}],"author":[{"embeddable":true,"href":"https:\/\/blogs.correiobraziliense.com.br\/servidor\/wp-json\/wp\/v2\/users\/27"}],"replies":[{"embeddable":true,"href":"https:\/\/blogs.correiobraziliense.com.br\/servidor\/wp-json\/wp\/v2\/comments?post=3470"}],"version-history":[{"count":1,"href":"https:\/\/blogs.correiobraziliense.com.br\/servidor\/wp-json\/wp\/v2\/posts\/3470\/revisions"}],"predecessor-version":[{"id":3471,"href":"https:\/\/blogs.correiobraziliense.com.br\/servidor\/wp-json\/wp\/v2\/posts\/3470\/revisions\/3471"}],"wp:attachment":[{"href":"https:\/\/blogs.correiobraziliense.com.br\/servidor\/wp-json\/wp\/v2\/media?parent=3470"}],"wp:term":[{"taxonomy":"category","embeddable":true,"href":"https:\/\/blogs.correiobraziliense.com.br\/servidor\/wp-json\/wp\/v2\/categories?post=3470"},{"taxonomy":"post_tag","embeddable":true,"href":"https:\/\/blogs.correiobraziliense.com.br\/servidor\/wp-json\/wp\/v2\/tags?post=3470"}],"curies":[{"name":"wp","href":"https:\/\/api.w.org\/{rel}","templated":true}]}}