{"id":3464,"date":"2016-11-09T08:00:49","date_gmt":"2016-11-09T10:00:49","guid":{"rendered":"https:\/\/blogs.correiobraziliense.com.br\/servidor\/?p=3464"},"modified":"2016-11-08T18:55:20","modified_gmt":"2016-11-08T20:55:20","slug":"camara-abre-no-dia-10-exposicao-sobre-luta-das-mulheres-pela-igualdade-politica","status":"publish","type":"post","link":"https:\/\/blogs.correiobraziliense.com.br\/servidor\/camara-abre-no-dia-10-exposicao-sobre-luta-das-mulheres-pela-igualdade-politica\/","title":{"rendered":"C\u00e2mara abre no dia 10 exposi\u00e7\u00e3o sobre a luta  das mulheres pela igualdade pol\u00edtica"},"content":{"rendered":"<p><b><i>&#8220;Oh, Igualdade! Por que tardas?&#8221; traz fotografias, documentos originais e livros que retratam a busca pelos direitos pol\u00edticos e sociais femininos<br \/>\n<\/i><\/b><\/p>\n<p>A C\u00e2mara dos Deputados abre, no dia 10 de novembro, a exposi\u00e7\u00e3o \u201cOh, Igualdade! Por Que Tardas? &#8211; Mulheres em busca da Igualdade pol\u00edtica no Brasil\u201d. A mostra traz momentos em que o Poder Legislativo discutiu a inclus\u00e3o das mulheres na pol\u00edtica brasileira, incluindo registros dos debates sobre\u00a0os projetos de reforma das leis eleitorais do Imp\u00e9rio, entre 1831 e 1881, e as tentativas de aprova\u00e7\u00e3o do voto feminino durante a Constituinte de 1890-91, entre outros.<\/p>\n<p>Um dos destaques da exposi\u00e7\u00e3o \u00e9 o primeiro requerimento formal\u00a0encaminhado \u00e0 C\u00e2mara dos Deputados, em 1916,\u00a0pela professora Mariana de Noronha Horta, que pleiteava o direito de voto a todos os brasileiros maiores de 21 anos, sem distin\u00e7\u00e3o entre homens e mulheres. Tamb\u00e9m s\u00e3o destaques personagens como a ativista pol\u00edtica Bertha Lutz, uma das pioneiras do movimento feminista no Brasil, e a professora Leolinda Daltro, que h\u00e1 100 anos apresentou requerimento solicitando a elabora\u00e7\u00e3o de uma lei que concedesse o direito de voto \u00e0 mulher brasileira.<\/p>\n<p>A exposi\u00e7\u00e3o apresenta material do acervo da C\u00e2mara dos Deputados, do Senado Federal, da Biblioteca Nacional e do Museu Nacional, al\u00e9m de documentos do Museu Imperial de Petr\u00f3polis (RJ), do Museu da Rep\u00fablica, do Itamaraty, da Unicamp, da Funda\u00e7\u00e3o Get\u00falio Vargas (CPDOC), das Na\u00e7\u00f5es Unidas, da Fiocruz e do Arquivo Nacional, entre outros. A curadoria \u00e9 de Teresa Marques, professora da Universidade de Bras\u00edlia (UnB).<\/p>\n<p><strong>SERVI\u00c7O<\/strong><\/p>\n<p><strong>Exposi\u00e7\u00e3o:<\/strong> Oh, Igualdade! Por Que Tardas? &#8211; Mulheres em busca da Igualdade pol\u00edtica no Brasil<\/p>\n<p><strong>Visita\u00e7\u00e3o:<\/strong> de 10 de novembro de 2016 a 6 de fevereiro de 2017<\/p>\n<p><strong>Hor\u00e1rio:<\/strong> todos os dias, das 9h \u00e0s 17h<\/p>\n<p><strong>Local:<\/strong> Galeria de Arte do Sal\u00e3o Nobre &#8211; Edif\u00edcio principal da C\u00e2mara dos Deputados<\/p>\n<p><strong>Informa\u00e7\u00f5es:<\/strong> 0800 619 619 | <a href=\"mailto:cultural@camara.leg.br\">cultural@camara.leg.br<\/a><\/p>\n","protected":false},"excerpt":{"rendered":"<p>&#8220;Oh, Igualdade! Por que tardas?&#8221; traz fotografias, documentos originais e livros que retratam a busca pelos direitos pol\u00edticos e sociais femininos A C\u00e2mara dos Deputados abre, no dia 10 de novembro, a exposi\u00e7\u00e3o \u201cOh, Igualdade! Por Que Tardas? &#8211; Mulheres em busca da Igualdade pol\u00edtica no Brasil\u201d. A mostra traz momentos em que o Poder Legislativo discutiu a inclus\u00e3o das [&hellip;]<\/p>\n","protected":false},"author":27,"featured_media":0,"comment_status":"open","ping_status":"closed","sticky":false,"template":"","format":"standard","meta":{"footnotes":""},"categories":[2719],"tags":[61,4205,760,1924,4206,4203,1340,4204,719,1263,1415],"class_list":["post-3464","post","type-post","status-publish","format-standard","hentry","category-servidor","tag-camara","tag-dirieots","tag-documentos","tag-exposicao","tag-femininos","tag-fotografias","tag-igualdade","tag-livros","tag-luta","tag-mulheres","tag-politica"],"_links":{"self":[{"href":"https:\/\/blogs.correiobraziliense.com.br\/servidor\/wp-json\/wp\/v2\/posts\/3464","targetHints":{"allow":["GET"]}}],"collection":[{"href":"https:\/\/blogs.correiobraziliense.com.br\/servidor\/wp-json\/wp\/v2\/posts"}],"about":[{"href":"https:\/\/blogs.correiobraziliense.com.br\/servidor\/wp-json\/wp\/v2\/types\/post"}],"author":[{"embeddable":true,"href":"https:\/\/blogs.correiobraziliense.com.br\/servidor\/wp-json\/wp\/v2\/users\/27"}],"replies":[{"embeddable":true,"href":"https:\/\/blogs.correiobraziliense.com.br\/servidor\/wp-json\/wp\/v2\/comments?post=3464"}],"version-history":[{"count":1,"href":"https:\/\/blogs.correiobraziliense.com.br\/servidor\/wp-json\/wp\/v2\/posts\/3464\/revisions"}],"predecessor-version":[{"id":3465,"href":"https:\/\/blogs.correiobraziliense.com.br\/servidor\/wp-json\/wp\/v2\/posts\/3464\/revisions\/3465"}],"wp:attachment":[{"href":"https:\/\/blogs.correiobraziliense.com.br\/servidor\/wp-json\/wp\/v2\/media?parent=3464"}],"wp:term":[{"taxonomy":"category","embeddable":true,"href":"https:\/\/blogs.correiobraziliense.com.br\/servidor\/wp-json\/wp\/v2\/categories?post=3464"},{"taxonomy":"post_tag","embeddable":true,"href":"https:\/\/blogs.correiobraziliense.com.br\/servidor\/wp-json\/wp\/v2\/tags?post=3464"}],"curies":[{"name":"wp","href":"https:\/\/api.w.org\/{rel}","templated":true}]}}