{"id":3460,"date":"2016-11-08T18:38:18","date_gmt":"2016-11-08T20:38:18","guid":{"rendered":"https:\/\/blogs.correiobraziliense.com.br\/servidor\/?p=3460"},"modified":"2016-11-08T18:38:18","modified_gmt":"2016-11-08T20:38:18","slug":"receita-federal-ate-quarta-feira","status":"publish","type":"post","link":"https:\/\/blogs.correiobraziliense.com.br\/servidor\/receita-federal-ate-quarta-feira\/","title":{"rendered":"Receita Federal &#8211; at\u00e9 quarta-feira"},"content":{"rendered":"<div id=\"conteudoNoticia\">\n<p><em>A vota\u00e7\u00e3o do parecer do deputado Wellington Roberto (PR-PB) ao projeto (PL 5.864\/2016), que reajusta sal\u00e1rios e reestrutura a carreira do pessoal da Receita Federal, ficou para amanh\u00e3, \u00e0s 13 horas.<\/em><\/p>\n<p>O relator dever\u00e1 apresentar uma complementa\u00e7\u00e3o de voto na pr\u00f3xima reuni\u00e3o, ap\u00f3s encontro com o governo. De acordo com o presidente da comiss\u00e3o, deputado J\u00falio Delgado (PSB-MG), foi melhor encerrar a discuss\u00e3o para apressar os acertos com o Executivo e tentar fazer com que o documento seja aprovado ainda este ano. &#8220;A conversa do deputado Wellington Roberto com governo vai ser sobre a autoridade tribut\u00e1ria. Isso tem de para a vota\u00e7\u00e3o&#8221;, destacou<\/p>\n<p>&nbsp;<\/p>\n<\/div>\n","protected":false},"excerpt":{"rendered":"<p>A vota\u00e7\u00e3o do parecer do deputado Wellington Roberto (PR-PB) ao projeto (PL 5.864\/2016), que reajusta sal\u00e1rios e reestrutura a carreira do pessoal da Receita Federal, ficou para amanh\u00e3, \u00e0s 13 horas. O relator dever\u00e1 apresentar uma complementa\u00e7\u00e3o de voto na pr\u00f3xima reuni\u00e3o, ap\u00f3s encontro com o governo. De acordo com o presidente da comiss\u00e3o, deputado J\u00falio Delgado (PSB-MG), foi melhor [&hellip;]<\/p>\n","protected":false},"author":27,"featured_media":0,"comment_status":"open","ping_status":"closed","sticky":false,"template":"","format":"standard","meta":{"footnotes":""},"categories":[2719],"tags":[55,1069,3209,294,3259,30],"class_list":["post-3460","post","type-post","status-publish","format-standard","hentry","category-servidor","tag-carreiras","tag-parecer","tag-pl-5-86416","tag-receita-federal","tag-reestrutura","tag-salarios"],"_links":{"self":[{"href":"https:\/\/blogs.correiobraziliense.com.br\/servidor\/wp-json\/wp\/v2\/posts\/3460","targetHints":{"allow":["GET"]}}],"collection":[{"href":"https:\/\/blogs.correiobraziliense.com.br\/servidor\/wp-json\/wp\/v2\/posts"}],"about":[{"href":"https:\/\/blogs.correiobraziliense.com.br\/servidor\/wp-json\/wp\/v2\/types\/post"}],"author":[{"embeddable":true,"href":"https:\/\/blogs.correiobraziliense.com.br\/servidor\/wp-json\/wp\/v2\/users\/27"}],"replies":[{"embeddable":true,"href":"https:\/\/blogs.correiobraziliense.com.br\/servidor\/wp-json\/wp\/v2\/comments?post=3460"}],"version-history":[{"count":1,"href":"https:\/\/blogs.correiobraziliense.com.br\/servidor\/wp-json\/wp\/v2\/posts\/3460\/revisions"}],"predecessor-version":[{"id":3461,"href":"https:\/\/blogs.correiobraziliense.com.br\/servidor\/wp-json\/wp\/v2\/posts\/3460\/revisions\/3461"}],"wp:attachment":[{"href":"https:\/\/blogs.correiobraziliense.com.br\/servidor\/wp-json\/wp\/v2\/media?parent=3460"}],"wp:term":[{"taxonomy":"category","embeddable":true,"href":"https:\/\/blogs.correiobraziliense.com.br\/servidor\/wp-json\/wp\/v2\/categories?post=3460"},{"taxonomy":"post_tag","embeddable":true,"href":"https:\/\/blogs.correiobraziliense.com.br\/servidor\/wp-json\/wp\/v2\/tags?post=3460"}],"curies":[{"name":"wp","href":"https:\/\/api.w.org\/{rel}","templated":true}]}}