{"id":3458,"date":"2016-11-08T18:03:12","date_gmt":"2016-11-08T20:03:12","guid":{"rendered":"https:\/\/blogs.correiobraziliense.com.br\/servidor\/?p=3458"},"modified":"2016-11-08T18:40:31","modified_gmt":"2016-11-08T20:40:31","slug":"servidores-da-receita-nao-se-acertam","status":"publish","type":"post","link":"https:\/\/blogs.correiobraziliense.com.br\/servidor\/servidores-da-receita-nao-se-acertam\/","title":{"rendered":"Servidores da Receita n\u00e3o se acertam"},"content":{"rendered":"<p><em>As discuss\u00f5es na comiss\u00e3o especial que analisa o projeto (PL 5.864\/16), que reestrutura as carreiras do Fisco, est\u00e3o empacadas<\/em><\/p>\n<p>Auditores-fiscais da ativa discordam dos pleitos dos colegas aposentados e ambos combatem os analistas e os administrativos da Fazenda. O motivo \u00e9 simples: uns n\u00e3o querem a distribui\u00e7\u00e3o do b\u00f4nus de efici\u00eancia \u2013 uma polpuda quantia de R$ 5 mil em 2016 \u2013, outros n\u00e3o abrem m\u00e3o do seu quinh\u00e3o. Outra discuss\u00e3o \u00e9 o compartilhamento das atribui\u00e7\u00f5es. Em seu parecer ao PL, o relator, Wellington Roberto (PR-PB), acolheu a maioria das emendas (cerca de 150) a texto original e ampliou o b\u00f4nus para ativos, aposentados, aos servidores do Plano Especial de Carreiras do Minist\u00e9rio da Fazenda (Pecfaz, de n\u00edveis superior, m\u00e9dio e auxiliar), analistas e t\u00e9cnicos do seguro social, da antiga Secretaria da Receita Previdenci\u00e1ria. Pelo projeto enviado pelo Executivo, o b\u00f4nus seria integral apenas no primeiro ano de aposentadoria, com redu\u00e7\u00e3o gradativa. No d\u00e9cimo ano, o b\u00f4nus seria de 35% do total.<\/p>\n<p>Outro problema, al\u00e9m da partilha do dinheiro, \u00e9 a divis\u00e3o de poder. O deputado distribuiu o poder decis\u00f3rio tamb\u00e9m aos analistas tribut\u00e1rios, como carreira t\u00edpica de Estado \u2013 deixaria, portanto, de ser privativa dos auditores. Esse item tamb\u00e9m causou balb\u00fardia. Auditores fizeram atos e paralisa\u00e7\u00f5es, foram aos jornais denunciar que causaria a desestrutura\u00e7\u00e3o da Receita Federal, beneficiaria investigados da Opera\u00e7\u00e3o Lava Jato e at\u00e9 denunciaram uma poss\u00edvel liga\u00e7\u00e3o entre o presidente, J\u00falio Delgado (PSB-MG), e o relator na comiss\u00e3o ao ex-presidente afastado da C\u00e2mara, Eduardo Cunha. Delgado amea\u00e7ou encaminhar processo \u00e0 Procuradoria da Casa.<\/p>\n<p>Parlamentares contra e a favor do relat\u00f3rio amea\u00e7am apresentar voto em separado, pelo entendimento de que o Congresso n\u00e3o pode alterar quest\u00f5es administrativas do Executivo. Wellington Roberto j\u00e1 declarou que n\u00e3o ir\u00e1 retirar o parecer. \u201cVou continuar a discuss\u00e3o com o governo. Acordo tem de ser feito por todos e o que chegou a meus ouvidos foi que isso n\u00e3o aconteceu\u201d, disse. Em meio a essa guerra, a vota\u00e7\u00e3o est\u00e1 sendo acompanhada pelos interessados, que lotam o Plen\u00e1rio 8. A expectativa \u00e9 de que entrar\u00e1 madrugada a dentro. Ser\u00e1?<span style=\"font-family: Utopia,sans-serif\"><span style=\"font-size: small\"><br \/>\n<\/span><\/span><\/p>\n<p>Por fim, n\u00e3o entrou. A queda de bra\u00e7o foi adiada.<\/p>\n","protected":false},"excerpt":{"rendered":"<p>As discuss\u00f5es na comiss\u00e3o especial que analisa o projeto (PL 5.864\/16), que reestrutura as carreiras do Fisco, est\u00e3o empacadas Auditores-fiscais da ativa discordam dos pleitos dos colegas aposentados e ambos combatem os analistas e os administrativos da Fazenda. O motivo \u00e9 simples: uns n\u00e3o querem a distribui\u00e7\u00e3o do b\u00f4nus de efici\u00eancia \u2013 uma polpuda quantia de R$ 5 mil em [&hellip;]<\/p>\n","protected":false},"author":27,"featured_media":0,"comment_status":"open","ping_status":"closed","sticky":false,"template":"","format":"standard","meta":{"footnotes":""},"categories":[2719],"tags":[1055,511,648,231,1150,3534,1033,302,2216,294,4031,58],"class_list":["post-3458","post","type-post","status-publish","format-standard","hentry","category-servidor","tag-administrativos","tag-analistas-tributarios","tag-auditores-fiscais","tag-bonus","tag-comissao","tag-distribuicao","tag-eficiencia","tag-fazenda","tag-poder","tag-receita-federal","tag-relatorio","tag-servidores"],"_links":{"self":[{"href":"https:\/\/blogs.correiobraziliense.com.br\/servidor\/wp-json\/wp\/v2\/posts\/3458","targetHints":{"allow":["GET"]}}],"collection":[{"href":"https:\/\/blogs.correiobraziliense.com.br\/servidor\/wp-json\/wp\/v2\/posts"}],"about":[{"href":"https:\/\/blogs.correiobraziliense.com.br\/servidor\/wp-json\/wp\/v2\/types\/post"}],"author":[{"embeddable":true,"href":"https:\/\/blogs.correiobraziliense.com.br\/servidor\/wp-json\/wp\/v2\/users\/27"}],"replies":[{"embeddable":true,"href":"https:\/\/blogs.correiobraziliense.com.br\/servidor\/wp-json\/wp\/v2\/comments?post=3458"}],"version-history":[{"count":3,"href":"https:\/\/blogs.correiobraziliense.com.br\/servidor\/wp-json\/wp\/v2\/posts\/3458\/revisions"}],"predecessor-version":[{"id":3463,"href":"https:\/\/blogs.correiobraziliense.com.br\/servidor\/wp-json\/wp\/v2\/posts\/3458\/revisions\/3463"}],"wp:attachment":[{"href":"https:\/\/blogs.correiobraziliense.com.br\/servidor\/wp-json\/wp\/v2\/media?parent=3458"}],"wp:term":[{"taxonomy":"category","embeddable":true,"href":"https:\/\/blogs.correiobraziliense.com.br\/servidor\/wp-json\/wp\/v2\/categories?post=3458"},{"taxonomy":"post_tag","embeddable":true,"href":"https:\/\/blogs.correiobraziliense.com.br\/servidor\/wp-json\/wp\/v2\/tags?post=3458"}],"curies":[{"name":"wp","href":"https:\/\/api.w.org\/{rel}","templated":true}]}}