{"id":3425,"date":"2016-11-05T14:22:07","date_gmt":"2016-11-05T16:22:07","guid":{"rendered":"https:\/\/blogs.correiobraziliense.com.br\/servidor\/?p=3425"},"modified":"2016-11-05T14:22:07","modified_gmt":"2016-11-05T16:22:07","slug":"fenaprf-contra-divulgacao-dos-dados-pessoais-de-servidores","status":"publish","type":"post","link":"https:\/\/blogs.correiobraziliense.com.br\/servidor\/fenaprf-contra-divulgacao-dos-dados-pessoais-de-servidores\/","title":{"rendered":"FenaPRF contra a divulga\u00e7\u00e3o dos dados pessoais de servidores"},"content":{"rendered":"<p><i>Federa\u00e7\u00e3o requereu ao Tribunal de Contas da Uni\u00e3o (TCU) a supress\u00e3o da divulga\u00e7\u00e3o do CPF dos servidores, juntamente com a remunera\u00e7\u00e3o<\/i><\/p>\n<p>A Federa\u00e7\u00e3o Nacional dos Policiais Rodovi\u00e1rios Federais (FenaPRF) acaba de entrar com pedido administrativo junto ao Tribunal de Contas da Uni\u00e3o (TCU) para impedir a divulga\u00e7\u00e3o de dados remunerat\u00f3rios de servidores em conjunto com o n\u00famero do CPF, uma vez que tal conduta afronta o princ\u00edpio da intimidade e excede os limites previstos na Lei de Acesso \u00e0 Informa\u00e7\u00e3o (Lei 12.527\/2011).<\/p>\n<p>O advogado Rudi Cassel, especialista em Direito do Servidor e s\u00f3cio do Cassel Ruzzarin Santos Rodrigues Advogados, destaca que \u201ca divulga\u00e7\u00e3o do CPF do servidor nos ac\u00f3rd\u00e3os do TCU n\u00e3o \u00e9 indispens\u00e1vel para a prote\u00e7\u00e3o do interesse p\u00fablico. Ao contr\u00e1rio, sua divulga\u00e7\u00e3o fere a intimidade do servidor, que tem seus dados equivocadamente expostos \u00e0 livre e irrestrita consulta de terceiros\u201d.<\/p>\n","protected":false},"excerpt":{"rendered":"<p>Federa\u00e7\u00e3o requereu ao Tribunal de Contas da Uni\u00e3o (TCU) a supress\u00e3o da divulga\u00e7\u00e3o do CPF dos servidores, juntamente com a remunera\u00e7\u00e3o A Federa\u00e7\u00e3o Nacional dos Policiais Rodovi\u00e1rios Federais (FenaPRF) acaba de entrar com pedido administrativo junto ao Tribunal de Contas da Uni\u00e3o (TCU) para impedir a divulga\u00e7\u00e3o de dados remunerat\u00f3rios de servidores em conjunto com o n\u00famero do CPF, uma [&hellip;]<\/p>\n","protected":false},"author":27,"featured_media":0,"comment_status":"open","ping_status":"closed","sticky":false,"template":"","format":"standard","meta":{"footnotes":""},"categories":[2719],"tags":[167,2189,2,1704,4170,58,2403,635],"class_list":["post-3425","post","type-post","status-publish","format-standard","hentry","category-servidor","tag-dados","tag-divulgacao","tag-fenaprf","tag-pessoais","tag-remuenracao","tag-servidores","tag-supressao","tag-tcu"],"_links":{"self":[{"href":"https:\/\/blogs.correiobraziliense.com.br\/servidor\/wp-json\/wp\/v2\/posts\/3425","targetHints":{"allow":["GET"]}}],"collection":[{"href":"https:\/\/blogs.correiobraziliense.com.br\/servidor\/wp-json\/wp\/v2\/posts"}],"about":[{"href":"https:\/\/blogs.correiobraziliense.com.br\/servidor\/wp-json\/wp\/v2\/types\/post"}],"author":[{"embeddable":true,"href":"https:\/\/blogs.correiobraziliense.com.br\/servidor\/wp-json\/wp\/v2\/users\/27"}],"replies":[{"embeddable":true,"href":"https:\/\/blogs.correiobraziliense.com.br\/servidor\/wp-json\/wp\/v2\/comments?post=3425"}],"version-history":[{"count":1,"href":"https:\/\/blogs.correiobraziliense.com.br\/servidor\/wp-json\/wp\/v2\/posts\/3425\/revisions"}],"predecessor-version":[{"id":3426,"href":"https:\/\/blogs.correiobraziliense.com.br\/servidor\/wp-json\/wp\/v2\/posts\/3425\/revisions\/3426"}],"wp:attachment":[{"href":"https:\/\/blogs.correiobraziliense.com.br\/servidor\/wp-json\/wp\/v2\/media?parent=3425"}],"wp:term":[{"taxonomy":"category","embeddable":true,"href":"https:\/\/blogs.correiobraziliense.com.br\/servidor\/wp-json\/wp\/v2\/categories?post=3425"},{"taxonomy":"post_tag","embeddable":true,"href":"https:\/\/blogs.correiobraziliense.com.br\/servidor\/wp-json\/wp\/v2\/tags?post=3425"}],"curies":[{"name":"wp","href":"https:\/\/api.w.org\/{rel}","templated":true}]}}