{"id":3415,"date":"2016-11-04T16:40:06","date_gmt":"2016-11-04T18:40:06","guid":{"rendered":"https:\/\/blogs.correiobraziliense.com.br\/servidor\/?p=3415"},"modified":"2016-11-04T16:40:06","modified_gmt":"2016-11-04T18:40:06","slug":"rumo-greve-do-1111-trabalhadores-em-transportes-da-cut-e-centrais-anunciam-adesao-paralisacao-em-assembleia-no-dia-8","status":"publish","type":"post","link":"https:\/\/blogs.correiobraziliense.com.br\/servidor\/rumo-greve-do-1111-trabalhadores-em-transportes-da-cut-e-centrais-anunciam-adesao-paralisacao-em-assembleia-no-dia-8\/","title":{"rendered":"Rumo \u00e0 greve do 11\/11: Trabalhadores em Transportes da CUT e centrais anunciam ades\u00e3o \u00e0 paralisa\u00e7\u00e3o em Assembleia no dia (8)"},"content":{"rendered":"<p><em>Na pr\u00f3xima ter\u00e7a-feira, 8 de novembro, sindicalistas dos setores de transportes da CUT, UGT, Nova Central Sindical, For\u00e7a Sindical, Intersindical, CTB e Conlutas de todo o Brasil far\u00e3o uma Assembleia Nacional dos Trabalhadores (as) do Setor de Transportes, \u00e0s 10h, na quadra dos Banc\u00e1rios, em S\u00e3o Paulo.<\/em><\/p>\n<p>O objetivo \u00e9 mobilizar e preparar os trabalhadores em transportes dos modais a\u00e9reo, rodovi\u00e1rio, portu\u00e1rio, vi\u00e1rio, ferrovi\u00e1rio, metrovi\u00e1rio, moto-t\u00e1xi e de cargas (caminhoneiros) para participar do Dia Nacional de Greve e Paralisa\u00e7\u00e3o convocado pelas centrais sindicais, no dia 11 de novembro (sexta-feira), em todo o pa\u00eds.<\/p>\n<p>&#8220;Os trabalhadores v\u00e3o se somar \u00e0 luta contra o ataque aos direitos da classe trabalhadora e dos trabalhadores do setor de transporte, anunciado pelo governo ileg\u00edtimo de Michel Temer e por setores reacion\u00e1rios da C\u00e2mara dos Deputados, informaram as centrais.<\/p>\n<p>Algumas propostas em curso do atual governo s\u00e3o consideradas prejudiciais: a Reforma de Estado, que prev\u00ea redu\u00e7\u00e3o dos investimentos em infraestrutura de transporte; bem como em \u00e1reas vitais como sa\u00fade e educa\u00e7\u00e3o, al\u00e9m do Amplo Programa de Privatiza\u00e7\u00e3o, inclusive de estradas, portos, aeroportos e metro.<\/p>\n<p>Tamb\u00e9m s\u00e3o considerados retrocessos a Reforma da Previd\u00eancia, que aumenta a idade para aposentadoria para 65 anos e tamb\u00e9m o tempo de contribui\u00e7\u00e3o para 50 anos, igualando homens e mulheres, urbanos e rurais, e a libera\u00e7\u00e3o da terceiriza\u00e7\u00e3o de todas as atividades essenciais da empresa, conhecidas como atividade-fim (hoje no Brasil \u00e9 proibida por Lei), que coloca em risco todos os direitos trabalhistas conquistados na CLT, rasgando a carteira de trabalho.<\/p>\n<p>&#8220;As\u00a0 entidades sindicais no setor do transporte tamb\u00e9m t\u00eam sido alvo de ataques, que na pr\u00e1tica, impedem o direito \u00e0 livre manifesta\u00e7\u00e3o e o real direito \u00e0 greve no setor, al\u00e9m das demiss\u00f5es arbitr\u00e1rias, configurando uma s\u00e9rie de pr\u00e1ticas antissindicais. Os trabalhadores e trabalhadoras dos transportes est\u00e3o mobilizados para enfrentar os ataques, mas tamb\u00e9m para avan\u00e7ar na melhoria das condi\u00e7\u00f5es de trabalho&#8221;, informaram as entidades.<\/p>\n<p>A CUT ser\u00e1 representada pelo presidente nacional, Vagner Freitas, e pelo\u00a0presidente da Confedera\u00e7\u00e3o Nacional dos Trabalhadores em Transportes\u00a0e Log\u00edstica\u00a0da CUT (CNTTL), Paulo Jo\u00e3o Estausia, o Paulinho.<\/p>\n<p>&nbsp;<\/p>\n<p>&nbsp;<\/p>\n","protected":false},"excerpt":{"rendered":"<p>Na pr\u00f3xima ter\u00e7a-feira, 8 de novembro, sindicalistas dos setores de transportes da CUT, UGT, Nova Central Sindical, For\u00e7a Sindical, Intersindical, CTB e Conlutas de todo o Brasil far\u00e3o uma Assembleia Nacional dos Trabalhadores (as) do Setor de Transportes, \u00e0s 10h, na quadra dos Banc\u00e1rios, em S\u00e3o Paulo. O objetivo \u00e9 mobilizar e preparar os trabalhadores em transportes dos modais a\u00e9reo, [&hellip;]<\/p>\n","protected":false},"author":27,"featured_media":0,"comment_status":"open","ping_status":"closed","sticky":false,"template":"","format":"standard","meta":{"footnotes":""},"categories":[2719],"tags":[2137,61,1259,606,619,56,15,506,549,711,1260,19,4158],"class_list":["post-3415","post","type-post","status-publish","format-standard","hentry","category-servidor","tag-ataque","tag-camara","tag-centrais","tag-demissoes","tag-direitos","tag-estado","tag-greve","tag-paralisacao","tag-previdencia","tag-reforma","tag-sindicais","tag-trabalhadores","tag-transportes"],"_links":{"self":[{"href":"https:\/\/blogs.correiobraziliense.com.br\/servidor\/wp-json\/wp\/v2\/posts\/3415","targetHints":{"allow":["GET"]}}],"collection":[{"href":"https:\/\/blogs.correiobraziliense.com.br\/servidor\/wp-json\/wp\/v2\/posts"}],"about":[{"href":"https:\/\/blogs.correiobraziliense.com.br\/servidor\/wp-json\/wp\/v2\/types\/post"}],"author":[{"embeddable":true,"href":"https:\/\/blogs.correiobraziliense.com.br\/servidor\/wp-json\/wp\/v2\/users\/27"}],"replies":[{"embeddable":true,"href":"https:\/\/blogs.correiobraziliense.com.br\/servidor\/wp-json\/wp\/v2\/comments?post=3415"}],"version-history":[{"count":1,"href":"https:\/\/blogs.correiobraziliense.com.br\/servidor\/wp-json\/wp\/v2\/posts\/3415\/revisions"}],"predecessor-version":[{"id":3416,"href":"https:\/\/blogs.correiobraziliense.com.br\/servidor\/wp-json\/wp\/v2\/posts\/3415\/revisions\/3416"}],"wp:attachment":[{"href":"https:\/\/blogs.correiobraziliense.com.br\/servidor\/wp-json\/wp\/v2\/media?parent=3415"}],"wp:term":[{"taxonomy":"category","embeddable":true,"href":"https:\/\/blogs.correiobraziliense.com.br\/servidor\/wp-json\/wp\/v2\/categories?post=3415"},{"taxonomy":"post_tag","embeddable":true,"href":"https:\/\/blogs.correiobraziliense.com.br\/servidor\/wp-json\/wp\/v2\/tags?post=3415"}],"curies":[{"name":"wp","href":"https:\/\/api.w.org\/{rel}","templated":true}]}}