{"id":3406,"date":"2016-11-04T12:18:46","date_gmt":"2016-11-04T14:18:46","guid":{"rendered":"https:\/\/blogs.correiobraziliense.com.br\/servidor\/?p=3406"},"modified":"2016-11-04T12:18:46","modified_gmt":"2016-11-04T14:18:46","slug":"policia-invade-enff-sem-mandado-de-busca-e-apreensao","status":"publish","type":"post","link":"https:\/\/blogs.correiobraziliense.com.br\/servidor\/policia-invade-enff-sem-mandado-de-busca-e-apreensao\/","title":{"rendered":"Policia invade ENFF sem mandado de busca e apreens\u00e3o"},"content":{"rendered":"<p style=\"margin: 0px\"><em>Na manh\u00e3 desta sexta-feira (04), segundo den\u00fancias do MST, cerca de 10 viaturas da pol\u00edcia civil e militar invadiram a Escola Nacional Florestan Fernandes (ENFF) em Guararema, S\u00e3o Paulo.<\/em><\/p>\n<p style=\"margin: 0px\">\n<p style=\"margin: 0px\">De acordo com os relatos, os policiais chegaram por volta das 09h25, pularam o port\u00e3o da Escola e a janela da recep\u00e7\u00e3o e entraram atirando em dire\u00e7\u00e3o \u00e0s pessoas que se estavam na escola. Os estilha\u00e7os de balas recolhidos comprovam, conforme as informa\u00e7\u00f5es, que nenhuma delas s\u00e3o de borracha e sim letais.<\/p>\n<p style=\"margin: 0px\">\n<p style=\"margin: 0px\">Neste momento, destacou o Movimento, a pol\u00edcia est\u00e1 em frente \u00e0 ENFF. Diante da a\u00e7\u00e3o de advogados, os policiais recuaram. A invas\u00e3o na Escola ocorreu sem mandado judicial, o que \u00e9 ilegal, disse.<\/p>\n<p style=\"margin: 0px\">O MST refor\u00e7a que repudia a a\u00e7\u00e3o da pol\u00edcia de S\u00e3o Paulo e exige que o governo e as institui\u00e7\u00f5es competentes tomem as medidas cab\u00edveis nesse processo. &#8220;Somos um movimento que luta pela democratiza\u00e7\u00e3o do acesso a terra no pa\u00eds e a a\u00e7\u00e3o descabida da pol\u00edcia fere direitos constitucionais e democr\u00e1ticos&#8221;, declarou o MST.<\/p>\n<p style=\"padding: 0cm;margin: 0px\">\n<p style=\"padding: 0cm;margin: 0px\">A opera\u00e7\u00e3o em SP decorre de a\u00e7\u00f5es deflagradas no estado do Paran\u00e1 e Mato Grosso do Sul, informou o MST. &#8220;A Pol\u00edcia Civil executa mandados de pris\u00e3o contra militantes do MST, reeditando a tese de que movimentos sociais s\u00e3o organiza\u00e7\u00f5es criminosas, j\u00e1 repudiado por diversas organiza\u00e7\u00f5es de Direitos Humanos e at\u00e9 mesmo por senten\u00e7as do STJ&#8221;, informou.<\/p>\n","protected":false},"excerpt":{"rendered":"<p>Na manh\u00e3 desta sexta-feira (04), segundo den\u00fancias do MST, cerca de 10 viaturas da pol\u00edcia civil e militar invadiram a Escola Nacional Florestan Fernandes (ENFF) em Guararema, S\u00e3o Paulo. De acordo com os relatos, os policiais chegaram por volta das 09h25, pularam o port\u00e3o da Escola e a janela da recep\u00e7\u00e3o e entraram atirando em dire\u00e7\u00e3o \u00e0s pessoas que se [&hellip;]<\/p>\n","protected":false},"author":27,"featured_media":0,"comment_status":"open","ping_status":"closed","sticky":false,"template":"","format":"standard","meta":{"footnotes":""},"categories":[2719],"tags":[1026,4144,4146,1025,457,4143,4145,4142,4147,3033,2147,2555],"class_list":["post-3406","post","type-post","status-publish","format-standard","hentry","category-servidor","tag-apreensao","tag-atirando","tag-balas","tag-busca","tag-denuncias","tag-enff","tag-estilhacos","tag-invade","tag-letais","tag-mandado","tag-mst","tag-policia"],"_links":{"self":[{"href":"https:\/\/blogs.correiobraziliense.com.br\/servidor\/wp-json\/wp\/v2\/posts\/3406","targetHints":{"allow":["GET"]}}],"collection":[{"href":"https:\/\/blogs.correiobraziliense.com.br\/servidor\/wp-json\/wp\/v2\/posts"}],"about":[{"href":"https:\/\/blogs.correiobraziliense.com.br\/servidor\/wp-json\/wp\/v2\/types\/post"}],"author":[{"embeddable":true,"href":"https:\/\/blogs.correiobraziliense.com.br\/servidor\/wp-json\/wp\/v2\/users\/27"}],"replies":[{"embeddable":true,"href":"https:\/\/blogs.correiobraziliense.com.br\/servidor\/wp-json\/wp\/v2\/comments?post=3406"}],"version-history":[{"count":1,"href":"https:\/\/blogs.correiobraziliense.com.br\/servidor\/wp-json\/wp\/v2\/posts\/3406\/revisions"}],"predecessor-version":[{"id":3407,"href":"https:\/\/blogs.correiobraziliense.com.br\/servidor\/wp-json\/wp\/v2\/posts\/3406\/revisions\/3407"}],"wp:attachment":[{"href":"https:\/\/blogs.correiobraziliense.com.br\/servidor\/wp-json\/wp\/v2\/media?parent=3406"}],"wp:term":[{"taxonomy":"category","embeddable":true,"href":"https:\/\/blogs.correiobraziliense.com.br\/servidor\/wp-json\/wp\/v2\/categories?post=3406"},{"taxonomy":"post_tag","embeddable":true,"href":"https:\/\/blogs.correiobraziliense.com.br\/servidor\/wp-json\/wp\/v2\/tags?post=3406"}],"curies":[{"name":"wp","href":"https:\/\/api.w.org\/{rel}","templated":true}]}}