{"id":3404,"date":"2016-11-04T12:08:54","date_gmt":"2016-11-04T14:08:54","guid":{"rendered":"https:\/\/blogs.correiobraziliense.com.br\/servidor\/?p=3404"},"modified":"2016-11-04T12:08:54","modified_gmt":"2016-11-04T14:08:54","slug":"receita-abre-na-terca-feira-811-consulta-ao-sexto-lote-de-restituicao-do-irpf-de-2016","status":"publish","type":"post","link":"https:\/\/blogs.correiobraziliense.com.br\/servidor\/receita-abre-na-terca-feira-811-consulta-ao-sexto-lote-de-restituicao-do-irpf-de-2016\/","title":{"rendered":"Receita abre na ter\u00e7a-feira (8\/11) consulta ao sexto lote de restitui\u00e7\u00e3o do IRPF de 2016"},"content":{"rendered":"<p><em>A partir das 9 horas desta ter\u00e7a-feira (8\/11), estar\u00e1 dispon\u00edvel para consulta o sexto lote de restitui\u00e7\u00e3o do IRPF 2016, que contempla 2.207.477 contribuintes, totalizando mais de R$ 2,6 bilh\u00f5es<\/em><\/p>\n<p>O\u00a0 lote\u00a0 multiexerc\u00edcio\u00a0 de\u00a0 restitui\u00e7\u00e3o do Imposto sobre a Renda da Pessoa F\u00edsica contempla tamb\u00e9m restitui\u00e7\u00f5es de 2008 a 2015. O\u00a0 \u00a0cr\u00e9dito\u00a0 \u00a0banc\u00e1rio\u00a0 para \u00a02.244.479 \u00a0contribuintes\u00a0 ser\u00e1\u00a0 na semana seguinte, em 16 \u00a0de\u00a0novembro, totalizando o valor de\u00a0R$\u00a02,75 bilh\u00f5es, informou a Receita Federal.\u00a0Desse total, R$ \u00a068.281.658,86 s\u00e3o para pessoas beneficiadas pelo Art.\u00a0 \u00a069-A\u00a0 \u00a0da\u00a0 \u00a0Lei\u00a0 n\u00ba\u00a0 9.784\/99,\u00a0 sendo \u00a014.710\u00a0 idosos e \u00a02.026 com alguma defici\u00eancia f\u00edsica ou mental ou mol\u00e9stia grave.<\/p>\n<p>Para\u00a0 saber\u00a0 se teve a\u00a0declara\u00e7\u00e3o liberada, o contribuinte dever\u00e1 acessar a p\u00e1gina\u00a0 da\u00a0 Receita\u00a0 na Internet (clicar\u00a0aqui), ou ligar para o Receitafone 146.\u00a0 Na\u00a0 consulta \u00e0 p\u00e1gina da Receita, servi\u00e7o e-CAC, \u00e9 poss\u00edvel acessar o extrato\u00a0 da\u00a0 declara\u00e7\u00e3o\u00a0 e ver se h\u00e1 inconsist\u00eancias de dados identificadas pelo\u00a0 \u00a0processamento.\u00a0 Nesta\u00a0 hip\u00f3tese,\u00a0 o\u00a0 contribuinte\u00a0 pode\u00a0 avaliar\u00a0 as inconsist\u00eancias\u00a0 \u00a0e\u00a0 \u00a0fazer\u00a0 \u00a0a\u00a0 autorregulariza\u00e7\u00e3o,\u00a0 mediante\u00a0 entrega\u00a0 de declara\u00e7\u00e3o retificadora.<\/p>\n<p>A\u00a0 Receita\u00a0 disponibiliza, ainda, aplicativo para tablets e smartphones que facilita\u00a0 consulta\u00a0 \u00e0s declara\u00e7\u00f5es do IRPF e situa\u00e7\u00e3o cadastral no CPF. Com ele\u00a0 ser\u00e1\u00a0 poss\u00edvel\u00a0 consultar\u00a0 diretamente\u00a0 nas\u00a0 bases\u00a0 da Receita Federal informa\u00e7\u00f5es sobre libera\u00e7\u00e3o das restitui\u00e7\u00f5es do IRPF e a situa\u00e7\u00e3o cadastral de uma inscri\u00e7\u00e3o no CPF.<\/p>\n<p>A\u00a0 restitui\u00e7\u00e3o ficar\u00e1 dispon\u00edvel no banco durante um ano. Se o contribuinte n\u00e3o\u00a0 fizer\u00a0 o\u00a0 resgate nesse prazo, dever\u00e1 requerer pela Internet, em\u00a0 Formul\u00e1rio Eletr\u00f4nico &#8211; Pedido de Pagamento de Restitui\u00e7\u00e3o, ou diretamente no e-CAC, no servi\u00e7o Extrato do Processamento da DIRPF.<\/p>\n<p>Caso\u00a0 \u00a0o\u00a0 \u00a0valor\u00a0 \u00a0n\u00e3o\u00a0 seja\u00a0 creditado,\u00a0 o\u00a0 contribuinte\u00a0 poder\u00e1\u00a0 contatar pessoalmente\u00a0 qualquer ag\u00eancia do BB ou ligar para a Central de Atendimento por\u00a0 \u00a0meio\u00a0 \u00a0do\u00a0 \u00a0telefone\u00a0 \u00a04004-0001\u00a0 (capitais),\u00a0 0800-729-0001\u00a0 (demais localidades)\u00a0 e 0800-729-0088 (telefone especial exclusivo para deficientes auditivos)\u00a0 para\u00a0 agendar\u00a0 o\u00a0 cr\u00e9dito em conta-corrente ou poupan\u00e7a, em seu<br \/>\nnome, em qualquer banco.<\/p>\n","protected":false},"excerpt":{"rendered":"<p>A partir das 9 horas desta ter\u00e7a-feira (8\/11), estar\u00e1 dispon\u00edvel para consulta o sexto lote de restitui\u00e7\u00e3o do IRPF 2016, que contempla 2.207.477 contribuintes, totalizando mais de R$ 2,6 bilh\u00f5es O\u00a0 lote\u00a0 multiexerc\u00edcio\u00a0 de\u00a0 restitui\u00e7\u00e3o do Imposto sobre a Renda da Pessoa F\u00edsica contempla tamb\u00e9m restitui\u00e7\u00f5es de 2008 a 2015. O\u00a0 \u00a0cr\u00e9dito\u00a0 \u00a0banc\u00e1rio\u00a0 para \u00a02.244.479 \u00a0contribuintes\u00a0 ser\u00e1\u00a0 na semana seguinte, [&hellip;]<\/p>\n","protected":false},"author":27,"featured_media":0,"comment_status":"open","ping_status":"closed","sticky":false,"template":"","format":"standard","meta":{"footnotes":""},"categories":[2719],"tags":[4141,1422,515,1767,1997,2168,294,4140],"class_list":["post-3404","post","type-post","status-publish","format-standard","hentry","category-servidor","tag-bancario","tag-consulta","tag-contribuintes","tag-credito","tag-irpf-2016","tag-lote","tag-receita-federal","tag-sexto"],"_links":{"self":[{"href":"https:\/\/blogs.correiobraziliense.com.br\/servidor\/wp-json\/wp\/v2\/posts\/3404","targetHints":{"allow":["GET"]}}],"collection":[{"href":"https:\/\/blogs.correiobraziliense.com.br\/servidor\/wp-json\/wp\/v2\/posts"}],"about":[{"href":"https:\/\/blogs.correiobraziliense.com.br\/servidor\/wp-json\/wp\/v2\/types\/post"}],"author":[{"embeddable":true,"href":"https:\/\/blogs.correiobraziliense.com.br\/servidor\/wp-json\/wp\/v2\/users\/27"}],"replies":[{"embeddable":true,"href":"https:\/\/blogs.correiobraziliense.com.br\/servidor\/wp-json\/wp\/v2\/comments?post=3404"}],"version-history":[{"count":1,"href":"https:\/\/blogs.correiobraziliense.com.br\/servidor\/wp-json\/wp\/v2\/posts\/3404\/revisions"}],"predecessor-version":[{"id":3405,"href":"https:\/\/blogs.correiobraziliense.com.br\/servidor\/wp-json\/wp\/v2\/posts\/3404\/revisions\/3405"}],"wp:attachment":[{"href":"https:\/\/blogs.correiobraziliense.com.br\/servidor\/wp-json\/wp\/v2\/media?parent=3404"}],"wp:term":[{"taxonomy":"category","embeddable":true,"href":"https:\/\/blogs.correiobraziliense.com.br\/servidor\/wp-json\/wp\/v2\/categories?post=3404"},{"taxonomy":"post_tag","embeddable":true,"href":"https:\/\/blogs.correiobraziliense.com.br\/servidor\/wp-json\/wp\/v2\/tags?post=3404"}],"curies":[{"name":"wp","href":"https:\/\/api.w.org\/{rel}","templated":true}]}}