{"id":339,"date":"2015-07-21T15:55:00","date_gmt":"2015-07-21T18:55:00","guid":{"rendered":"https:\/\/blogs.correiobraziliense.com.br\/servidor\/sindifisco_ve_avancos_timidos_na_contraproposta_do_governo\/"},"modified":"2016-05-13T19:32:31","modified_gmt":"2016-05-13T22:32:31","slug":"sindifisco_ve_avancos_timidos_na_contraproposta_do_governo","status":"publish","type":"post","link":"https:\/\/blogs.correiobraziliense.com.br\/servidor\/sindifisco_ve_avancos_timidos_na_contraproposta_do_governo\/","title":{"rendered":"SINDIFISCO V\u00ca AVAN\u00c7OS T\u00cdMIDOS NA CONTRAPROPOSTA DO GOVERNO"},"content":{"rendered":"<p> O Sindifisco Nacional (Sindicato Nacional dos Auditores Fiscais da Receita Federal) considerou um modesto avan\u00e7o a contraproposta apresentada pelo governo federal, ontem, de reajuste dos sal\u00e1rios do funcionalismo. A novidade \u00e9 a atualiza\u00e7\u00e3o em 317,3% do aux\u00edlio-creche, al\u00e9m de corre\u00e7\u00f5es no aux\u00edlio-alimenta\u00e7\u00e3o (22,5%) e no plano de sa\u00fade suplementar (23%). No caso dos vencimentos, s\u00e3o os mesmos 21,3% oferecidos anteriormente e divididos em quatro anos, com possibilidade de revis\u00e3o em 2017 \u2013 se a economia der sinais positivos.    <\/p>\n<p>A reuni\u00e3o no Minist\u00e9rio do Planejamento, Or\u00e7amento e Gest\u00e3o (MPOG), conduzida pelo secret\u00e1rio S\u00e9rgio Mendon\u00e7a (Rela\u00e7\u00f5es do Trabalho), foi considerada pelo Sindifisco Nacional sem avan\u00e7os em pontos importantes para os auditores, sobretudo nas quest\u00f5es paralelas \u00e0 salarial.    <\/p>\n<p>Para Cl\u00e1udio Damasceno, presidente do Sindifisco Nacional, os percentuais que v\u00eam sendo apresentados pelo MPOG n\u00e3o restabelecem o protagonismo dos auditores, se comparados os sal\u00e1rios pagos pela Receita Federal com o de v\u00e1rias receitas estaduais \u2013 os da RFB est\u00e3o em 25\u00ba lugar na escala.    <\/p>\n<p>\u201cMas n\u00e3o \u00e9 somente isso. A proposta do governo n\u00e3o contempla quest\u00f5es importantes para os auditores, como a Lei Org\u00e2nica do Fisco. Para n\u00f3s, tudo est\u00e1 interligado e vai al\u00e9m do reajuste salarial\u201d, sentenciou Damasceno.    <\/p>\n<p>Ele tamb\u00e9m alertou que \u201cquem faz hoje um concurso para auditor, faz para a Receita Federal e para as estaduais. Se passa nos dois, escolhe a estadual porque o sal\u00e1rio \u00e9 muito melhor. O governo n\u00e3o percebeu que vem perdendo gente e interesse\u201d.   <\/p>\n<p>A remunera\u00e7\u00e3o de um auditor da RFB atualmente \u00e9 menor que seu equivalente na receita do Amazonas (diferen\u00e7a de 123%), do Par\u00e1 (de 114%) ou do Piau\u00ed (de 76%) \u2013 estados de baixo \u00cdndice de Desenvolvimento Humano (IDH), segundo o \u201cAtlas do Desenvolvimento Humano 2013\u201d, do Programa das Na\u00e7\u00f5es Unidas para o Desenvolvimento (Pnud).  <b><i> <\/p>\n<p><\/i><\/b><b><i>48 horas sem computador<\/i><\/b> \u2013 A nova fase do Dia Nacional sem Computador ser\u00e1 duas vezes por semana, sempre ter\u00e7as e quintas-feiras \u2013 tal como hoje. Nessas jornadas, os aparelhos permanecer\u00e3o desligados, sem acesso aos sistemas da Receita, at\u00e9 mesmo no Plant\u00e3o Fiscal. Nas aduanas, n\u00e3o haver\u00e1 desembara\u00e7o de mercadorias.<i> <\/p>\n<p><\/i><i>Bras\u00edlia, 15h55min<\/i> <\/p>\n","protected":false},"excerpt":{"rendered":"<p>O Sindifisco Nacional (Sindicato Nacional dos Auditores Fiscais da Receita Federal) considerou um modesto avan\u00e7o a contraproposta apresentada pelo governo federal, ontem, de reajuste dos sal\u00e1rios do funcionalismo. A novidade \u00e9 a atualiza\u00e7\u00e3o em 317,3% do aux\u00edlio-creche, al\u00e9m de corre\u00e7\u00f5es no aux\u00edlio-alimenta\u00e7\u00e3o (22,5%) e no plano de sa\u00fade suplementar (23%). No caso dos vencimentos, s\u00e3o os mesmos 21,3% oferecidos anteriormente [&hellip;]<\/p>\n","protected":false},"author":27,"featured_media":0,"comment_status":"open","ping_status":"closed","sticky":false,"template":"","format":"standard","meta":{"footnotes":""},"categories":[1],"tags":[],"class_list":["post-339","post","type-post","status-publish","format-standard","hentry","category-sem-categoria"],"_links":{"self":[{"href":"https:\/\/blogs.correiobraziliense.com.br\/servidor\/wp-json\/wp\/v2\/posts\/339","targetHints":{"allow":["GET"]}}],"collection":[{"href":"https:\/\/blogs.correiobraziliense.com.br\/servidor\/wp-json\/wp\/v2\/posts"}],"about":[{"href":"https:\/\/blogs.correiobraziliense.com.br\/servidor\/wp-json\/wp\/v2\/types\/post"}],"author":[{"embeddable":true,"href":"https:\/\/blogs.correiobraziliense.com.br\/servidor\/wp-json\/wp\/v2\/users\/27"}],"replies":[{"embeddable":true,"href":"https:\/\/blogs.correiobraziliense.com.br\/servidor\/wp-json\/wp\/v2\/comments?post=339"}],"version-history":[{"count":1,"href":"https:\/\/blogs.correiobraziliense.com.br\/servidor\/wp-json\/wp\/v2\/posts\/339\/revisions"}],"predecessor-version":[{"id":1700,"href":"https:\/\/blogs.correiobraziliense.com.br\/servidor\/wp-json\/wp\/v2\/posts\/339\/revisions\/1700"}],"wp:attachment":[{"href":"https:\/\/blogs.correiobraziliense.com.br\/servidor\/wp-json\/wp\/v2\/media?parent=339"}],"wp:term":[{"taxonomy":"category","embeddable":true,"href":"https:\/\/blogs.correiobraziliense.com.br\/servidor\/wp-json\/wp\/v2\/categories?post=339"},{"taxonomy":"post_tag","embeddable":true,"href":"https:\/\/blogs.correiobraziliense.com.br\/servidor\/wp-json\/wp\/v2\/tags?post=339"}],"curies":[{"name":"wp","href":"https:\/\/api.w.org\/{rel}","templated":true}]}}