{"id":3381,"date":"2016-11-01T16:36:00","date_gmt":"2016-11-01T18:36:00","guid":{"rendered":"https:\/\/blogs.correiobraziliense.com.br\/servidor\/?p=3381"},"modified":"2016-11-01T16:36:00","modified_gmt":"2016-11-01T18:36:00","slug":"auditores-fazem-protestos-na-quinta-feira-em-todos-os-aeroportos","status":"publish","type":"post","link":"https:\/\/blogs.correiobraziliense.com.br\/servidor\/auditores-fazem-protestos-na-quinta-feira-em-todos-os-aeroportos\/","title":{"rendered":"Auditores fazem protestos na quinta-feira em todos os aeroportos"},"content":{"rendered":"<p><em>Os auditores fiscais da Receita Federal voltar\u00e3o a se mobilizar nesta quinta-feira (3) nos principais aeroportos do pa\u00eds. Os atos s\u00e3o porque a categoria se considera prejudicada pelo relat\u00f3rio do deputado Wellington Roberto (PR-PB) para o Projeto de Lei 5.864\/16. Para o Sindifisco Nacional e a classe, o texto desfigura o acordo salarial costurado com o governo federal e desmantela a estrutura da Receita Federal \u2013 enfraquece a institui\u00e7\u00e3o ao compartilhar fun\u00e7\u00f5es e autoridades.<\/em><\/p>\n<p>Haver\u00e1 protestos em todos os aeroportos que recebem voos internacionais, sobretudo Guarulhos (SP), Tom Jobim (RJ), Juscelino Kubitschek (DF) e Viracopos (Campinas). O presidente do Sindifisco Nacional, Cl\u00e1udio Damasceno, estar\u00e1 em Guarulhos \u00e0 frente da manifesta\u00e7\u00e3o \u2013 cuja concentra\u00e7\u00e3o ser\u00e1 no Terminal 3. No Tom Jobim, o protesto \u00e9 no Terminal 2.<\/p>\n<p>O relat\u00f3rio PL ser\u00e1 apresentado na pr\u00f3xima ter\u00e7a-feira (8), depois de adiamento provocado por um pedido coletivo de vistas dos integrantes da comiss\u00e3o especial que o analisa. Entre as mudan\u00e7as inclu\u00eddas pelo relator est\u00e1 a que compartilha o reconhecimento da autoridade administrativa, tribut\u00e1ria e aduaneira da Uni\u00e3o dos auditores fiscais com um quadro complementar da Receita.<\/p>\n<p><strong><em>Apelos da base do governo<\/em><\/strong> \u2013 Agora de manh\u00e3, Damasceno teve reuni\u00e3o com o l\u00edder do DEM na C\u00e2mara, Pauderney Avellino (AM), que manifestou preocupa\u00e7\u00e3o com a greve dos auditores na Zona Franca de Manaus e o impacto na ind\u00fastria nacional.<\/p>\n<p>\u201cEntendemos a preocupa\u00e7\u00e3o das lideran\u00e7as da base, mas \u00e9 preciso que elas tamb\u00e9m entendam nossa preocupa\u00e7\u00e3o com esse relat\u00f3rio que est\u00e1 sendo gestado. Para os auditores, as altera\u00e7\u00f5es preparadas tornam a Receita Federal ca\u00f3tica. Por reconhecer isso \u00e9 que estamos recebendo apoio at\u00e9 de receitas estaduais, como a de Santa Catarina\u201d, comentou Damasceno. \u201cEsse relat\u00f3rio discutido na comiss\u00e3o especial \u00e9 um erro a ser denunciado. Se for adiante, o grande derrotado ser\u00e1 o Brasil\u201d.<\/p>\n<p><strong>O qu\u00ea?<\/strong> Manifesta\u00e7\u00e3o nacional dos auditores fiscais da Receita Federal.<\/p>\n<p><strong>Quando?<\/strong> Quinta-feira, a partir das 10h.<\/p>\n<p><strong>Onde?<\/strong> Principais aeroportos do Pa\u00eds.<\/p>\n","protected":false},"excerpt":{"rendered":"<p>Os auditores fiscais da Receita Federal voltar\u00e3o a se mobilizar nesta quinta-feira (3) nos principais aeroportos do pa\u00eds. Os atos s\u00e3o porque a categoria se considera prejudicada pelo relat\u00f3rio do deputado Wellington Roberto (PR-PB) para o Projeto de Lei 5.864\/16. Para o Sindifisco Nacional e a classe, o texto desfigura o acordo salarial costurado com o governo federal e desmantela [&hellip;]<\/p>\n","protected":false},"author":27,"featured_media":0,"comment_status":"open","ping_status":"closed","sticky":false,"template":"","format":"standard","meta":{"footnotes":""},"categories":[2719],"tags":[112,603,648,1935,4118,4116,4117,1065,198,3209,4115,4113,4114,294,4031,18,597],"class_list":["post-3381","post","type-post","status-publish","format-standard","hentry","category-servidor","tag-acordo","tag-aeroportos","tag-auditores-fiscais","tag-autoridades","tag-compartilhar","tag-desfigura","tag-enfraquece","tag-funcoes","tag-pais","tag-pl-5-86416","tag-prejudicada","tag-protes","tag-quinta-feira","tag-receita-federal","tag-relatorio","tag-salarial","tag-sindifisco"],"_links":{"self":[{"href":"https:\/\/blogs.correiobraziliense.com.br\/servidor\/wp-json\/wp\/v2\/posts\/3381","targetHints":{"allow":["GET"]}}],"collection":[{"href":"https:\/\/blogs.correiobraziliense.com.br\/servidor\/wp-json\/wp\/v2\/posts"}],"about":[{"href":"https:\/\/blogs.correiobraziliense.com.br\/servidor\/wp-json\/wp\/v2\/types\/post"}],"author":[{"embeddable":true,"href":"https:\/\/blogs.correiobraziliense.com.br\/servidor\/wp-json\/wp\/v2\/users\/27"}],"replies":[{"embeddable":true,"href":"https:\/\/blogs.correiobraziliense.com.br\/servidor\/wp-json\/wp\/v2\/comments?post=3381"}],"version-history":[{"count":1,"href":"https:\/\/blogs.correiobraziliense.com.br\/servidor\/wp-json\/wp\/v2\/posts\/3381\/revisions"}],"predecessor-version":[{"id":3382,"href":"https:\/\/blogs.correiobraziliense.com.br\/servidor\/wp-json\/wp\/v2\/posts\/3381\/revisions\/3382"}],"wp:attachment":[{"href":"https:\/\/blogs.correiobraziliense.com.br\/servidor\/wp-json\/wp\/v2\/media?parent=3381"}],"wp:term":[{"taxonomy":"category","embeddable":true,"href":"https:\/\/blogs.correiobraziliense.com.br\/servidor\/wp-json\/wp\/v2\/categories?post=3381"},{"taxonomy":"post_tag","embeddable":true,"href":"https:\/\/blogs.correiobraziliense.com.br\/servidor\/wp-json\/wp\/v2\/tags?post=3381"}],"curies":[{"name":"wp","href":"https:\/\/api.w.org\/{rel}","templated":true}]}}