{"id":3369,"date":"2016-10-31T12:04:56","date_gmt":"2016-10-31T14:04:56","guid":{"rendered":"https:\/\/blogs.correiobraziliense.com.br\/servidor\/?p=3369"},"modified":"2016-10-31T12:04:56","modified_gmt":"2016-10-31T14:04:56","slug":"termina-hoje-o-prazo-para-adesao-ao-regime-especial-de-regularizacao-cambial-e-tributaria","status":"publish","type":"post","link":"https:\/\/blogs.correiobraziliense.com.br\/servidor\/termina-hoje-o-prazo-para-adesao-ao-regime-especial-de-regularizacao-cambial-e-tributaria\/","title":{"rendered":"Termina hoje o prazo para ades\u00e3o ao Regime Especial de Regulariza\u00e7\u00e3o Cambial e Tribut\u00e1ria"},"content":{"rendered":"<p><em>O servi\u00e7o de recep\u00e7\u00e3o da Dercat ser\u00e1 interrompido \u00e0s 23h59min59s de hoje, hor\u00e1rio de Bras\u00edlia. Contribuinte deve ficar atento para o hor\u00e1rio do seu estabelecimento banc\u00e1rio para o pagamento do imposto e da multa, alertou a Receita Federal<\/em><\/p>\n<p>Para aderir ao Regime Especial de Regulariza\u00e7\u00e3o Cambial e Tribut\u00e1ria (RERCT), o contribuinte dever\u00e1 apresentar a Declara\u00e7\u00e3o de Regulariza\u00e7\u00e3o Cambial e Tribut\u00e1ria (Dercat) e efetuar o pagamento integral do imposto e da multa correspondentes, informou a Receita Federal.<\/p>\n<p>O servi\u00e7o de recep\u00e7\u00e3o da Dercat ser\u00e1 interrompido \u00e0s 23h59min59s de hoje, hor\u00e1rio de Bras\u00edlia.<\/p>\n<p>Aten\u00e7\u00e3o: embora a Dercat possa ser apresentada at\u00e9 as 23h59min59s de hoje, o contribuinte deve ficar atento para o hor\u00e1rio limite do seu estabelecimento banc\u00e1rio para o recebimento de Darf de pagamento do respectivo imposto e multa, assim como seus limites de transa\u00e7\u00f5es e outras condi\u00e7\u00f5es estabelecidas por seu banco.<\/p>\n<p>A op\u00e7\u00e3o do contribuinte ao RERCT somente se completa com a apresenta\u00e7\u00e3o da Dercat e com o efetivo pagamento do imposto e da multa.<\/p>\n<p>Na tarde de hoje um novo balan\u00e7o de ades\u00f5es ser\u00e1 divulgado.<\/p>\n<p>Para mais orienta\u00e7\u00f5es, acesse Dercat &#8211; Orienta\u00e7\u00f5es Gerais e Dercat &#8211; Perguntas e Respostas.<\/p>\n","protected":false},"excerpt":{"rendered":"<p>O servi\u00e7o de recep\u00e7\u00e3o da Dercat ser\u00e1 interrompido \u00e0s 23h59min59s de hoje, hor\u00e1rio de Bras\u00edlia. Contribuinte deve ficar atento para o hor\u00e1rio do seu estabelecimento banc\u00e1rio para o pagamento do imposto e da multa, alertou a Receita Federal Para aderir ao Regime Especial de Regulariza\u00e7\u00e3o Cambial e Tribut\u00e1ria (RERCT), o contribuinte dever\u00e1 apresentar a Declara\u00e7\u00e3o de Regulariza\u00e7\u00e3o Cambial e Tribut\u00e1ria [&hellip;]<\/p>\n","protected":false},"author":27,"featured_media":0,"comment_status":"open","ping_status":"closed","sticky":false,"template":"","format":"standard","meta":{"footnotes":""},"categories":[2719],"tags":[474,4105,4106,4104,2577,405,1174,627,3581,4103,1307],"class_list":["post-3369","post","type-post","status-publish","format-standard","hentry","category-servidor","tag-adesao","tag-cambial","tag-dercat","tag-hoje","tag-imposto","tag-multa","tag-prazo","tag-regularizacao","tag-rerct","tag-temina","tag-tributaria"],"_links":{"self":[{"href":"https:\/\/blogs.correiobraziliense.com.br\/servidor\/wp-json\/wp\/v2\/posts\/3369","targetHints":{"allow":["GET"]}}],"collection":[{"href":"https:\/\/blogs.correiobraziliense.com.br\/servidor\/wp-json\/wp\/v2\/posts"}],"about":[{"href":"https:\/\/blogs.correiobraziliense.com.br\/servidor\/wp-json\/wp\/v2\/types\/post"}],"author":[{"embeddable":true,"href":"https:\/\/blogs.correiobraziliense.com.br\/servidor\/wp-json\/wp\/v2\/users\/27"}],"replies":[{"embeddable":true,"href":"https:\/\/blogs.correiobraziliense.com.br\/servidor\/wp-json\/wp\/v2\/comments?post=3369"}],"version-history":[{"count":1,"href":"https:\/\/blogs.correiobraziliense.com.br\/servidor\/wp-json\/wp\/v2\/posts\/3369\/revisions"}],"predecessor-version":[{"id":3370,"href":"https:\/\/blogs.correiobraziliense.com.br\/servidor\/wp-json\/wp\/v2\/posts\/3369\/revisions\/3370"}],"wp:attachment":[{"href":"https:\/\/blogs.correiobraziliense.com.br\/servidor\/wp-json\/wp\/v2\/media?parent=3369"}],"wp:term":[{"taxonomy":"category","embeddable":true,"href":"https:\/\/blogs.correiobraziliense.com.br\/servidor\/wp-json\/wp\/v2\/categories?post=3369"},{"taxonomy":"post_tag","embeddable":true,"href":"https:\/\/blogs.correiobraziliense.com.br\/servidor\/wp-json\/wp\/v2\/tags?post=3369"}],"curies":[{"name":"wp","href":"https:\/\/api.w.org\/{rel}","templated":true}]}}