{"id":3361,"date":"2016-10-28T12:56:27","date_gmt":"2016-10-28T14:56:27","guid":{"rendered":"https:\/\/blogs.correiobraziliense.com.br\/servidor\/?p=3361"},"modified":"2016-10-28T12:56:27","modified_gmt":"2016-10-28T14:56:27","slug":"seminario-situacao-dos-servidores-publicos-na-atual-conjuntura-de-crise","status":"publish","type":"post","link":"https:\/\/blogs.correiobraziliense.com.br\/servidor\/seminario-situacao-dos-servidores-publicos-na-atual-conjuntura-de-crise\/","title":{"rendered":"Semin\u00e1rio &#8211; situa\u00e7\u00e3o dos servidores p\u00fablicos na atual conjuntura de crise"},"content":{"rendered":"<p><b>O Evento acontece na C\u00e2mara dos Deputados. Al\u00e9m da situa\u00e7\u00e3o dos servidores p\u00fablicos na atual conjuntura de crise, o semin\u00e1rio vai tratar da pauta priorit\u00e1ria do funcionalismo<\/b><\/p>\n<p>Est\u00e1 confirmado o Semin\u00e1rio sobre a situa\u00e7\u00e3o dos servidores p\u00fablicos na atual conjuntura de crise e a pauta priorit\u00e1ria do funcionalismo p\u00fablico, que ser\u00e1 realizado pela Comiss\u00e3o de Trabalho, Administra\u00e7\u00e3o e Servi\u00e7o P\u00fablico (CTASP) no pr\u00f3ximo dia 8 de novembro (ter\u00e7a-feira), a partir das 14 horas, no Audit\u00f3rio Nereu Ramos.<\/p>\n<p><strong>Convidados:<\/strong><\/p>\n<p>\u00fc\u00a0 Dyogo Henrique de Oliveira &#8211; <strong>Ministro do Planejamento, Desenvolvimento e Gest\u00e3o<\/strong>;<\/p>\n<p>\u00fc\u00a0 Henrique Meirelles &#8211; <strong>Ministro da Fazenda<\/strong>;<\/p>\n<p>\u00fc Vilson Antonio Romero &#8211; <strong>Presidente do Conselho Executivo da Associa\u00e7\u00e3o Nacional dos Auditores Fiscais da Receita Federal do Brasil &#8211; ANFIP<\/strong>;<\/p>\n<p>\u00fc\u00a0 Jo\u00e3o Domingos Gomes dos Santos &#8211; <strong>Presidente da Confedera\u00e7\u00e3o dos Servidores P\u00fablcos do Brasil &#8211; CSPB<\/strong>;<\/p>\n<p>\u00fc\u00a0 Rudinei Marques &#8211; <strong>Presidente do F\u00f3rum Nacional Permanente de Carreiras T\u00edpicas de Estado &#8211; FONACATE<\/strong>;<\/p>\n<p>\u00fc Daro Marcos Piffer &#8211; <strong>Presidente do Sindicato Nacional dos Funcion\u00e1rios do Banco Central &#8211; SINAL<\/strong>;<\/p>\n<p>\u00fc\u00a0 Claudio Damasceno &#8211; <strong>Presidente do Sindicato Nacional dos Auditores Fiscais da Receita Federal do Brasil &#8211; SINDIFISCO NACIONAL<\/strong>;<\/p>\n<p>\u00fc Hel\u00eanio Porto Barros &#8211; <strong>Coordenador-Geral da Federa\u00e7\u00e3o Nacional dos Trabalhadores do Judici\u00e1rio Federal e Minist\u00e9rio P\u00fablico da Uni\u00e3o &#8211; FENAJUFE<\/strong>;<\/p>\n<p>\u00fc Nilton Rodrigues da Paix\u00e3o J\u00fanior &#8211; <strong>Presidente do Sindicato dos Servidores do Poder Legislativo Federal e do Tribunal de Contas da Uni\u00e3o &#8211; SINDILEGIS<\/strong>;<\/p>\n<p>\u00fc Manoel Isidro dos Santos Neto &#8211; <strong>Presidente da Federa\u00e7\u00e3o Nacional do Fisco Estadual e Distrital &#8211; FENAFISCO<\/strong>;<\/p>\n<p>\u00fc\u00a0 Luiz Fernando Pereira Souza &#8211; <strong>Presidente da Federa\u00e7\u00e3o Nacional dos Servidores do Judici\u00e1rio nos Estados &#8211; FENAJUD<\/strong>; e,<\/p>\n<p>\u00fc\u00a0 Alfredo Maranca &#8211; <strong>Presidente do Sindicato dos Agentes Fiscais de Rendas do Estado de S\u00e3o Paulo \u2013 SINAFRESP<\/strong>.<\/p>\n","protected":false},"excerpt":{"rendered":"<p>O Evento acontece na C\u00e2mara dos Deputados. Al\u00e9m da situa\u00e7\u00e3o dos servidores p\u00fablicos na atual conjuntura de crise, o semin\u00e1rio vai tratar da pauta priorit\u00e1ria do funcionalismo Est\u00e1 confirmado o Semin\u00e1rio sobre a situa\u00e7\u00e3o dos servidores p\u00fablicos na atual conjuntura de crise e a pauta priorit\u00e1ria do funcionalismo p\u00fablico, que ser\u00e1 realizado pela Comiss\u00e3o de Trabalho, Administra\u00e7\u00e3o e Servi\u00e7o P\u00fablico [&hellip;]<\/p>\n","protected":false},"author":27,"featured_media":0,"comment_status":"open","ping_status":"closed","sticky":false,"template":"","format":"standard","meta":{"footnotes":""},"categories":[2719],"tags":[61,4098,366,24,267,58,546],"class_list":["post-3361","post","type-post","status-publish","format-standard","hentry","category-servidor","tag-camara","tag-conjuntura","tag-crise","tag-publicos","tag-seminario","tag-servidores","tag-situacao"],"_links":{"self":[{"href":"https:\/\/blogs.correiobraziliense.com.br\/servidor\/wp-json\/wp\/v2\/posts\/3361","targetHints":{"allow":["GET"]}}],"collection":[{"href":"https:\/\/blogs.correiobraziliense.com.br\/servidor\/wp-json\/wp\/v2\/posts"}],"about":[{"href":"https:\/\/blogs.correiobraziliense.com.br\/servidor\/wp-json\/wp\/v2\/types\/post"}],"author":[{"embeddable":true,"href":"https:\/\/blogs.correiobraziliense.com.br\/servidor\/wp-json\/wp\/v2\/users\/27"}],"replies":[{"embeddable":true,"href":"https:\/\/blogs.correiobraziliense.com.br\/servidor\/wp-json\/wp\/v2\/comments?post=3361"}],"version-history":[{"count":1,"href":"https:\/\/blogs.correiobraziliense.com.br\/servidor\/wp-json\/wp\/v2\/posts\/3361\/revisions"}],"predecessor-version":[{"id":3362,"href":"https:\/\/blogs.correiobraziliense.com.br\/servidor\/wp-json\/wp\/v2\/posts\/3361\/revisions\/3362"}],"wp:attachment":[{"href":"https:\/\/blogs.correiobraziliense.com.br\/servidor\/wp-json\/wp\/v2\/media?parent=3361"}],"wp:term":[{"taxonomy":"category","embeddable":true,"href":"https:\/\/blogs.correiobraziliense.com.br\/servidor\/wp-json\/wp\/v2\/categories?post=3361"},{"taxonomy":"post_tag","embeddable":true,"href":"https:\/\/blogs.correiobraziliense.com.br\/servidor\/wp-json\/wp\/v2\/tags?post=3361"}],"curies":[{"name":"wp","href":"https:\/\/api.w.org\/{rel}","templated":true}]}}