{"id":3357,"date":"2016-10-28T12:43:17","date_gmt":"2016-10-28T14:43:17","guid":{"rendered":"https:\/\/blogs.correiobraziliense.com.br\/servidor\/?p=3357"},"modified":"2016-10-28T12:43:17","modified_gmt":"2016-10-28T14:43:17","slug":"cnj-transfere-comemoracao-do-dia-do-servidor-publico-para-31-de-outubro","status":"publish","type":"post","link":"https:\/\/blogs.correiobraziliense.com.br\/servidor\/cnj-transfere-comemoracao-do-dia-do-servidor-publico-para-31-de-outubro\/","title":{"rendered":"CNJ transfere comemora\u00e7\u00e3o do Dia do Servidor P\u00fablico para 31 de outubro"},"content":{"rendered":"<p>O Conselho Nacional de Justi\u00e7a (CNJ) n\u00e3o ter\u00e1 expediente no pr\u00f3ximo dia 31 de outubro. Assim como o Supremo Tribunal Federal (STF), o Conselho transferiu a data comemorativa, do Dia do Servidor P\u00fablico, de 28\/10 para segunda-feira (31\/10). A medida foi institu\u00edda por meio da Portaria n\u00ba 31\/2016, da Secretaria-Geral do CNJ.<\/p>\n<p>Com o feriado dos Finados, que vem a seguir, os prazos processuais que forem iniciados ou completados no dia 31\/10 ser\u00e3o automaticamente prorrogados para o dia 3 de novembro, quinta-feira, quanto retorna o expediente no Conselho.<\/p>\n","protected":false},"excerpt":{"rendered":"<p>O Conselho Nacional de Justi\u00e7a (CNJ) n\u00e3o ter\u00e1 expediente no pr\u00f3ximo dia 31 de outubro. Assim como o Supremo Tribunal Federal (STF), o Conselho transferiu a data comemorativa, do Dia do Servidor P\u00fablico, de 28\/10 para segunda-feira (31\/10). A medida foi institu\u00edda por meio da Portaria n\u00ba 31\/2016, da Secretaria-Geral do CNJ. Com o feriado dos Finados, que vem a [&hellip;]<\/p>\n","protected":false},"author":27,"featured_media":0,"comment_status":"open","ping_status":"closed","sticky":false,"template":"","format":"standard","meta":{"footnotes":""},"categories":[2719],"tags":[254,4095,4096,819,4097,4094],"class_list":["post-3357","post","type-post","status-publish","format-standard","hentry","category-servidor","tag-cnj","tag-dia-do-servidor","tag-finados","tag-prazos","tag-processuais","tag-transfere"],"_links":{"self":[{"href":"https:\/\/blogs.correiobraziliense.com.br\/servidor\/wp-json\/wp\/v2\/posts\/3357","targetHints":{"allow":["GET"]}}],"collection":[{"href":"https:\/\/blogs.correiobraziliense.com.br\/servidor\/wp-json\/wp\/v2\/posts"}],"about":[{"href":"https:\/\/blogs.correiobraziliense.com.br\/servidor\/wp-json\/wp\/v2\/types\/post"}],"author":[{"embeddable":true,"href":"https:\/\/blogs.correiobraziliense.com.br\/servidor\/wp-json\/wp\/v2\/users\/27"}],"replies":[{"embeddable":true,"href":"https:\/\/blogs.correiobraziliense.com.br\/servidor\/wp-json\/wp\/v2\/comments?post=3357"}],"version-history":[{"count":1,"href":"https:\/\/blogs.correiobraziliense.com.br\/servidor\/wp-json\/wp\/v2\/posts\/3357\/revisions"}],"predecessor-version":[{"id":3358,"href":"https:\/\/blogs.correiobraziliense.com.br\/servidor\/wp-json\/wp\/v2\/posts\/3357\/revisions\/3358"}],"wp:attachment":[{"href":"https:\/\/blogs.correiobraziliense.com.br\/servidor\/wp-json\/wp\/v2\/media?parent=3357"}],"wp:term":[{"taxonomy":"category","embeddable":true,"href":"https:\/\/blogs.correiobraziliense.com.br\/servidor\/wp-json\/wp\/v2\/categories?post=3357"},{"taxonomy":"post_tag","embeddable":true,"href":"https:\/\/blogs.correiobraziliense.com.br\/servidor\/wp-json\/wp\/v2\/tags?post=3357"}],"curies":[{"name":"wp","href":"https:\/\/api.w.org\/{rel}","templated":true}]}}