{"id":3347,"date":"2016-10-27T14:34:40","date_gmt":"2016-10-27T16:34:40","guid":{"rendered":"https:\/\/blogs.correiobraziliense.com.br\/servidor\/?p=3347"},"modified":"2016-10-27T14:34:40","modified_gmt":"2016-10-27T16:34:40","slug":"receita-federal-sob-ataque","status":"publish","type":"post","link":"https:\/\/blogs.correiobraziliense.com.br\/servidor\/receita-federal-sob-ataque\/","title":{"rendered":"Receita Federal sob ataque"},"content":{"rendered":"<p><em>Por meio de nota, o Sindicato Nacional dos Auditores-Fiscais da Receita Federal (Sindifisco) informou que o segundo relat\u00f3rio do deputado Wellington Roberto, relator da Comiss\u00e3o especial que analisa o PL (Projeto de Lei) 5864\/16 foi, &#8220;para dizer o m\u00ednimo, um esc\u00e1rnio, por\u00e9m n\u00e3o de todo surpreendente&#8221;.<\/em><\/p>\n<p>O relat\u00f3rio, de acordo com o Sindifisco, cria uma total confus\u00e3o administrativa na Receita Federal. Confunde o conceito de autoridade, confere prerrogativas a quem delas n\u00e3o necessita, enfim, instaura o caos.<\/p>\n<p>&#8220;A pergunta \u00e9: ser\u00e1 que o deputado tem consci\u00eancia do que est\u00e1 fazendo? E com que objetivo est\u00e1 agindo de forma t\u00e3o flagrantemente contr\u00e1ria ao interesse p\u00fablico?<br \/>\nA Receita Federal \u00e9 um \u00f3rg\u00e3o que est\u00e1 na base das investiga\u00e7\u00f5es dos esc\u00e2ndalos de desvio de dinheiro que est\u00e3o em andamento no pa\u00eds. S\u00f3 quem tem interesse na paralisa\u00e7\u00e3o das investiga\u00e7\u00f5es e na retirada de poderes dos investigadores pode lucrar com o esfacelamento da Receita.<\/p>\n<p>A resposta dos Auditores Fiscais ser\u00e1 contundente. Esta quinta-feira (27\/10) \u00e9 dia de Assembleia e a Classe vai mostrar ao governo que n\u00e3o permite a desintegra\u00e7\u00e3o da Receita Federal.<br \/>\nAos administradores da RFB, perguntamos: at\u00e9 quando ficar\u00e3o inertes, acreditando que na semana que vem tudo estar\u00e1 resolvido? Que tal pensar em atitudes que chamem a aten\u00e7\u00e3o de fato para o problema?<\/p>\n<p>Senhores administradores, entreguem seus cargos e salvem a Receita Federal!&#8221;<\/p>\n","protected":false},"excerpt":{"rendered":"<p>Por meio de nota, o Sindicato Nacional dos Auditores-Fiscais da Receita Federal (Sindifisco) informou que o segundo relat\u00f3rio do deputado Wellington Roberto, relator da Comiss\u00e3o especial que analisa o PL (Projeto de Lei) 5864\/16 foi, &#8220;para dizer o m\u00ednimo, um esc\u00e1rnio, por\u00e9m n\u00e3o de todo surpreendente&#8221;. O relat\u00f3rio, de acordo com o Sindifisco, cria uma total confus\u00e3o administrativa na Receita [&hellip;]<\/p>\n","protected":false},"author":27,"featured_media":0,"comment_status":"open","ping_status":"closed","sticky":false,"template":"","format":"standard","meta":{"footnotes":""},"categories":[2719],"tags":[2137,4088,4087,359,4086,3209,1309,294,4031,597],"class_list":["post-3347","post","type-post","status-publish","format-standard","hentry","category-servidor","tag-ataque","tag-caos","tag-confusao","tag-deputado","tag-escarnio","tag-pl-5-86416","tag-prerrogativas","tag-receita-federal","tag-relatorio","tag-sindifisco"],"_links":{"self":[{"href":"https:\/\/blogs.correiobraziliense.com.br\/servidor\/wp-json\/wp\/v2\/posts\/3347","targetHints":{"allow":["GET"]}}],"collection":[{"href":"https:\/\/blogs.correiobraziliense.com.br\/servidor\/wp-json\/wp\/v2\/posts"}],"about":[{"href":"https:\/\/blogs.correiobraziliense.com.br\/servidor\/wp-json\/wp\/v2\/types\/post"}],"author":[{"embeddable":true,"href":"https:\/\/blogs.correiobraziliense.com.br\/servidor\/wp-json\/wp\/v2\/users\/27"}],"replies":[{"embeddable":true,"href":"https:\/\/blogs.correiobraziliense.com.br\/servidor\/wp-json\/wp\/v2\/comments?post=3347"}],"version-history":[{"count":1,"href":"https:\/\/blogs.correiobraziliense.com.br\/servidor\/wp-json\/wp\/v2\/posts\/3347\/revisions"}],"predecessor-version":[{"id":3348,"href":"https:\/\/blogs.correiobraziliense.com.br\/servidor\/wp-json\/wp\/v2\/posts\/3347\/revisions\/3348"}],"wp:attachment":[{"href":"https:\/\/blogs.correiobraziliense.com.br\/servidor\/wp-json\/wp\/v2\/media?parent=3347"}],"wp:term":[{"taxonomy":"category","embeddable":true,"href":"https:\/\/blogs.correiobraziliense.com.br\/servidor\/wp-json\/wp\/v2\/categories?post=3347"},{"taxonomy":"post_tag","embeddable":true,"href":"https:\/\/blogs.correiobraziliense.com.br\/servidor\/wp-json\/wp\/v2\/tags?post=3347"}],"curies":[{"name":"wp","href":"https:\/\/api.w.org\/{rel}","templated":true}]}}