{"id":3345,"date":"2016-10-27T14:23:32","date_gmt":"2016-10-27T16:23:32","guid":{"rendered":"https:\/\/blogs.correiobraziliense.com.br\/servidor\/?p=3345"},"modified":"2016-10-27T14:23:32","modified_gmt":"2016-10-27T16:23:32","slug":"crise-na-receita-federal-pela-morosidade-na-tramitacao-do-pl-de-reajuste-salarial","status":"publish","type":"post","link":"https:\/\/blogs.correiobraziliense.com.br\/servidor\/crise-na-receita-federal-pela-morosidade-na-tramitacao-do-pl-de-reajuste-salarial\/","title":{"rendered":"Crise na Receita Federal pela morosidade na tramita\u00e7\u00e3o do PL de reajuste salarial"},"content":{"rendered":"<p><em>Superintendentes de todas as regi\u00f5es fiscais da Receita Federal se re\u00fanem neste momento com o secret\u00e1rio Jorge Rachid.<\/em><\/p>\n<p>Foram convocados para discuti a crise dentro da Receita Federal causada pela dificuldade de tramita\u00e7\u00e3o do Projeto de Lei 5.864\/16, que define o acordo salarial dos auditores fiscais. O encontro \u00e9 para uma avalia\u00e7\u00e3o conjunta dos impactos dos movimentos reivindicat\u00f3rios da categoria, que j\u00e1 afeta a arrecada\u00e7\u00e3o federal, o com\u00e9rcio interno e externo e o desempenho da ind\u00fastria \u2013 que est\u00e1 reclamando da falta de insumos, informou o sindicato da categoria (Sindifisco).<\/p>\n<p>Sabendo da reuni\u00e3o, um grupo de auditores se colocou na porta do gabinete de Rachid para tentar conversar com o secret\u00e1rio e com os superintendentes das RFs.<\/p>\n<p>Desde ontem, ap\u00f3s a aprova\u00e7\u00e3o pela C\u00e2mara do PL das Pol\u00edcias Federal e Rodovi\u00e1ria Federal, o clima esquentou no Fisco. Auditores ficaram indignados com a\u00a0 aprova\u00e7\u00e3o r\u00e1pida do PL da Federal<br \/>\nEnquanto o acordo salarial deles se arrasta na comiss\u00e3o especial e pode ser retalhado, de acordo com o Sindifisco, pelo deputado-relator. &#8220;A quem interessa a desestabiliza\u00e7\u00e3o da Receita Federal, com a promo\u00e7\u00e3o de conflitos internos que podem tornar ca\u00f3tica a arrecada\u00e7\u00e3o e o trabalho dos auditores fiscais?&#8221;, indagou o Sindifisco.<\/p>\n<p><img decoding=\"async\" class=\"image-thumb-body\" src=\"https:\/\/web.whatsapp.com\/2327ea17-5b59-45b2-8af7-d57f348a2a39\" alt=\"\" \/><\/p>\n","protected":false},"excerpt":{"rendered":"<p>Superintendentes de todas as regi\u00f5es fiscais da Receita Federal se re\u00fanem neste momento com o secret\u00e1rio Jorge Rachid. Foram convocados para discuti a crise dentro da Receita Federal causada pela dificuldade de tramita\u00e7\u00e3o do Projeto de Lei 5.864\/16, que define o acordo salarial dos auditores fiscais. O encontro \u00e9 para uma avalia\u00e7\u00e3o conjunta dos impactos dos movimentos reivindicat\u00f3rios da categoria, [&hellip;]<\/p>\n","protected":false},"author":27,"featured_media":0,"comment_status":"open","ping_status":"closed","sticky":false,"template":"","format":"standard","meta":{"footnotes":""},"categories":[2719],"tags":[366,3054,2284,1031,63,294,293,18,807,4085,695],"class_list":["post-3345","post","type-post","status-publish","format-standard","hentry","category-servidor","tag-crise","tag-jorge-rachid","tag-morosidade","tag-pl","tag-reajuste","tag-receita-federal","tag-reuniao","tag-salarial","tag-secretario","tag-superintendentes","tag-tramitacao"],"_links":{"self":[{"href":"https:\/\/blogs.correiobraziliense.com.br\/servidor\/wp-json\/wp\/v2\/posts\/3345","targetHints":{"allow":["GET"]}}],"collection":[{"href":"https:\/\/blogs.correiobraziliense.com.br\/servidor\/wp-json\/wp\/v2\/posts"}],"about":[{"href":"https:\/\/blogs.correiobraziliense.com.br\/servidor\/wp-json\/wp\/v2\/types\/post"}],"author":[{"embeddable":true,"href":"https:\/\/blogs.correiobraziliense.com.br\/servidor\/wp-json\/wp\/v2\/users\/27"}],"replies":[{"embeddable":true,"href":"https:\/\/blogs.correiobraziliense.com.br\/servidor\/wp-json\/wp\/v2\/comments?post=3345"}],"version-history":[{"count":1,"href":"https:\/\/blogs.correiobraziliense.com.br\/servidor\/wp-json\/wp\/v2\/posts\/3345\/revisions"}],"predecessor-version":[{"id":3346,"href":"https:\/\/blogs.correiobraziliense.com.br\/servidor\/wp-json\/wp\/v2\/posts\/3345\/revisions\/3346"}],"wp:attachment":[{"href":"https:\/\/blogs.correiobraziliense.com.br\/servidor\/wp-json\/wp\/v2\/media?parent=3345"}],"wp:term":[{"taxonomy":"category","embeddable":true,"href":"https:\/\/blogs.correiobraziliense.com.br\/servidor\/wp-json\/wp\/v2\/categories?post=3345"},{"taxonomy":"post_tag","embeddable":true,"href":"https:\/\/blogs.correiobraziliense.com.br\/servidor\/wp-json\/wp\/v2\/tags?post=3345"}],"curies":[{"name":"wp","href":"https:\/\/api.w.org\/{rel}","templated":true}]}}